{"id":19606,"date":"2021-10-08T13:42:00","date_gmt":"2021-10-08T10:42:00","guid":{"rendered":"https:\/\/betoni.com\/lehti\/?p=19606"},"modified":"2022-09-13T15:58:50","modified_gmt":"2022-09-13T12:58:50","slug":"portukseen-rakennettiin-vaativia-ja-vesitiiviita-rakenteita","status":"publish","type":"post","link":"https:\/\/betoni.com\/lehti\/2021\/10\/08\/portukseen-rakennettiin-vaativia-ja-vesitiiviita-rakenteita\/","title":{"rendered":"Portukseen rakennettiin vaativia ja vesitiiviit\u00e4 rakenteita"},"content":{"rendered":"\n<h3 class=\"wp-block-heading\" id=\"perustaminen-paaluille\">Perustaminen paaluille<\/h3>\n\n\n\n<p>Merenpohjan maaper\u00e4ominaisuudet osoittautuivat vaativammiksi kuin alustavien tutkimusten perusteella oli ollut odotettavissa. Liejuisen savikerroksen paksuus oli enimmill\u00e4\u00e4n 30 metri\u00e4, ja toisessa p\u00e4\u00e4ss\u00e4 tonttia vain muutamia metrej\u00e4. Kallionpinnan asema vaihteli n\u00e4in olleen voimakkaasti.<\/p>\n\n\n\n<figure class=\"wp-block-image size-full\"><img loading=\"lazy\" decoding=\"async\" width=\"1920\" height=\"1080\" src=\"https:\/\/betoni.com\/lehti\/wp-content\/uploads\/sites\/4\/2022\/02\/Portus_paalutus_kuva_Matti-Vuohelainen_1920x1080px.jpg\" alt=\"\" class=\"wp-image-19609\" srcset=\"https:\/\/betoni.com\/lehti\/wp-content\/uploads\/sites\/4\/2022\/02\/Portus_paalutus_kuva_Matti-Vuohelainen_1920x1080px.jpg 1920w, https:\/\/betoni.com\/lehti\/wp-content\/uploads\/sites\/4\/2022\/02\/Portus_paalutus_kuva_Matti-Vuohelainen_1920x1080px-800x450.jpg 800w, https:\/\/betoni.com\/lehti\/wp-content\/uploads\/sites\/4\/2022\/02\/Portus_paalutus_kuva_Matti-Vuohelainen_1920x1080px-300x169.jpg 300w, https:\/\/betoni.com\/lehti\/wp-content\/uploads\/sites\/4\/2022\/02\/Portus_paalutus_kuva_Matti-Vuohelainen_1920x1080px-768x432.jpg 768w, https:\/\/betoni.com\/lehti\/wp-content\/uploads\/sites\/4\/2022\/02\/Portus_paalutus_kuva_Matti-Vuohelainen_1920x1080px-1536x864.jpg 1536w\" sizes=\"auto, (max-width: 1920px) 100vw, 1920px\" \/><figcaption>Liejuisella savipohjalla tarvittiin j\u00e4re\u00e4 paalutus. Kuva: Matti Vuohelainen<\/figcaption><\/figure>\n\n\n\n<p>Rakennus on perustettu kokonaisuudessaan paaluille p\u00e4\u00e4asiassa ter\u00e4sporapaaluja k\u00e4ytt\u00e4en, joiden dimensiot vaihtelevat D220\u2013 D600 v\u00e4lill\u00e4. Korroosiovaraksi on j\u00e4tetty nelj\u00e4 millimetri\u00e4. Ulkoiset vaakavoimat, joihin kuuluvat tuuli ja j\u00e4\u00e4n laajenemisesta aiheutuvat voimat, on viety kallioon vinopaalutuksella. Vedetyt paalut on ankkuroitu kallioon korroosiosuojatuilla tanko- ja punosankkureilla. Vesialueen perustukset on mitoitettu j\u00e4\u00e4kuormat huomioiden, ja rakenteet on lis\u00e4ksi toteutettu vesitiiviin\u00e4 tulvakorkeuteen. Meriveden pinnan odotettu nousu on huomioitu N2000-korkeusj\u00e4rjestelm\u00e4ss\u00e4 tasoon +2 850, aaltoiluvara 0,3 metri\u00e4 mukaan lukien.<\/p>\n\n\n\n<p>Kaksi ponttisein\u00e4\u00e4 ja niiden v\u00e4linen savit\u00e4ytt\u00f6 riittiv\u00e4t perustuskaivannon kuivana pitoon ilman, ett\u00e4 ponttien liitoksia piti erikseen tiivist\u00e4\u00e4.<\/p>\n\n\n\n<p>Vaativa ty\u00f6 oli pisimmill\u00e4\u00e4n 30 metrin pituisten ponttien ankkurointi kallioon merenpohjan alapuolelle. Merirakenteista ja geoteknisest\u00e4 suunnittelusta vastuullisen Sipti Oy:n Teemu Rahikaisen mukaan mietint\u00e4\u00e4 tuotti muun muassa se, miten saada tihe\u00e4\u00e4n asennetut ankkurit mahtumaan j\u00e4reiden, halkaisijaltaan 600 millimetristen porapaalujen lomaan.<\/p>\n\n\n\n<h3 class=\"wp-block-heading\" id=\"moninkertainen-varmistus-vesitiiveydelle\">Moninkertainen varmistus vesitiiveydelle <\/h3>\n\n\n\n<p>Alapohjarakenteiden vesitiiveys on varmistettu moninkertaisella j\u00e4rjestelm\u00e4ll\u00e4 seuraavasti:<\/p>\n\n\n\n<ol class=\"wp-block-list\"><li>Betonireseptien suunnittelulla on v\u00e4ltetty l\u00e4mp\u00f6tilan nopeat muutokset j\u00e4\u00e4htymisvaiheessa, koska l\u00e4mp\u00f6tilan pudotus ei saanut ylitt\u00e4\u00e4 kolmen ensimm\u00e4isen vuorokauden aikana 15 \u00b0C-astetta.<\/li><li>Raudoitukset on suunniteltu siten, ett\u00e4 voitiin v\u00e4ltt\u00e4\u00e4 alkuvaiheen halkeamat.<\/li><li>Alapohjien vesitiiviys on varmistettu k\u00e4ytt\u00e4m\u00e4ll\u00e4 ty\u00f6saumoissa bitumipintaisia tiivistysnauhoja ja bentoniittinauhoja.<\/li><li>Liikuntasumoissa on k\u00e4ytetty bitumin kest\u00e4vi\u00e4 PVC-nauhoja, jotka on liitetty toisiinsa hitsaamalla. Varmistuksena saumoissa on viel\u00e4 injektointiputket.<\/li><li>Vesitiiviin pohjalaatan alle on asennettu bentoniittimatto, jonka teht\u00e4v\u00e4n\u00e4 on hidastaa veden tunkeutumista betoniin. Sen p\u00e4\u00e4lle on asennettu salaojitettu sorakerros, josta mahdolliset tihkuvedet ohjataan vesien poistoj\u00e4rjestelm\u00e4\u00e4n.<\/li><\/ol>\n\n\n\n<p>Kellarien seinien vesitiiviys on lis\u00e4ksi varmistettu bitumieristein ja saumoissa on k\u00e4ytetty nauhoja, kuten alapohjissa. Rakennus on kokonaan ter\u00e4sbetonirunkoinen ja p\u00e4\u00e4osin elementtirakenteinen, mutta esimerkiksi korkeammissa massoissa on my\u00f6s paikallavalettuja rakennusosia. Huoneistojen v\u00e4liset sein\u00e4t ovat p\u00e4\u00e4asiassa ter\u00e4sbetonia.<\/p>\n\n\n\n<p>My\u00f6s kaikki vesitiiviytt\u00e4 edellytt\u00e4v\u00e4t rakenteet on valettu paikalla, mink\u00e4 lis\u00e4ksi kahden portaikon v\u00e4lipohjat tehtiin paikallavaluna. Beonin seosaineina k\u00e4ytettiin masuunikuonaa ja silikaa. Masuunikuonan teht\u00e4v\u00e4n\u00e4 oli pienent\u00e4\u00e4 sitoutumisvaiheen l\u00e4mm\u00f6ntuottoa ja silikan parantaa betonin vedenpit\u00e4vyytt\u00e4. Betonin lujuusluokka on vesitiiviiss\u00e4 rakenteissa C35\/45 ja sementtin\u00e4 on k\u00e4ytetty SR-sementti\u00e4.<\/p>\n\n\n\n<p>Betonirunkojen laskettu k\u00e4ytt\u00f6ik\u00e4 on 100 vuotta ja valkobetonisten julkisivujen 50 vuotta. Kohde kuuluu suunnittelun luokkiin vaativa ja poikkeuksellisen vaativa riippuen rakennuksen korkeudesta. Osa rakennuksesta kuuluu erityismenettelyn piiriin korkeutensa vuoksi.<\/p>\n\n\n\n<figure class=\"wp-block-image size-full\"><img loading=\"lazy\" decoding=\"async\" width=\"980\" height=\"1214\" src=\"https:\/\/betoni.com\/lehti\/wp-content\/uploads\/sites\/4\/2022\/02\/Portus_perustus-ja-pohjalaatta_kuva_-Matti-Vuohelainen_980x1214px.jpg\" alt=\"\" class=\"wp-image-19611\" srcset=\"https:\/\/betoni.com\/lehti\/wp-content\/uploads\/sites\/4\/2022\/02\/Portus_perustus-ja-pohjalaatta_kuva_-Matti-Vuohelainen_980x1214px.jpg 980w, https:\/\/betoni.com\/lehti\/wp-content\/uploads\/sites\/4\/2022\/02\/Portus_perustus-ja-pohjalaatta_kuva_-Matti-Vuohelainen_980x1214px-646x800.jpg 646w, https:\/\/betoni.com\/lehti\/wp-content\/uploads\/sites\/4\/2022\/02\/Portus_perustus-ja-pohjalaatta_kuva_-Matti-Vuohelainen_980x1214px-242x300.jpg 242w, https:\/\/betoni.com\/lehti\/wp-content\/uploads\/sites\/4\/2022\/02\/Portus_perustus-ja-pohjalaatta_kuva_-Matti-Vuohelainen_980x1214px-768x951.jpg 768w\" sizes=\"auto, (max-width: 980px) 100vw, 980px\" \/><figcaption> Perustukset ja pohjalaatta valettiin vesitiiviist\u00e4 betonista. Kuva: Matti Vuohelainen<\/figcaption><\/figure>\n","protected":false},"excerpt":{"rendered":"<p>Verkkosaareen rakennetun Portuksen perustukset valettiin kolme metri\u00e4 merivedenpinnan alapuolelle padon suojassa.<\/p>\n","protected":false},"author":3,"featured_media":19607,"comment_status":"closed","ping_status":"closed","sticky":false,"template":"","format":"standard","meta":{"_acf_changed":false,"footnotes":""},"categories":[3],"tags":[36,47,84,54],"class_list":["post-19606","post","type-post","status-publish","format-standard","has-post-thumbnail","hentry","category-rakennukset","tag-betonielementti","tag-betonirakentaminen","tag-kerrostalo","tag-paalut"],"acf":[],"yoast_head":"<!-- This site is optimized with the Yoast SEO plugin v27.2 - https:\/\/yoast.com\/product\/yoast-seo-wordpress\/ -->\n<title>Portukseen rakennettiin vaativia ja vesitiiviit\u00e4 rakenteita - Betoni-lehti<\/title>\n<meta name=\"robots\" content=\"index, follow, max-snippet:-1, max-image-preview:large, max-video-preview:-1\" \/>\n<link rel=\"canonical\" href=\"https:\/\/betoni.com\/lehti\/2021\/10\/08\/portukseen-rakennettiin-vaativia-ja-vesitiiviita-rakenteita\/\" \/>\n<meta property=\"og:locale\" content=\"fi_FI\" \/>\n<meta property=\"og:type\" content=\"article\" \/>\n<meta property=\"og:title\" content=\"Portukseen rakennettiin vaativia ja vesitiiviit\u00e4 rakenteita - Betoni-lehti\" \/>\n<meta property=\"og:description\" content=\"Verkkosaareen rakennetun Portuksen perustukset valettiin kolme metri\u00e4 merivedenpinnan alapuolelle padon suojassa.\" \/>\n<meta property=\"og:url\" content=\"https:\/\/betoni.com\/lehti\/2021\/10\/08\/portukseen-rakennettiin-vaativia-ja-vesitiiviita-rakenteita\/\" \/>\n<meta property=\"og:site_name\" content=\"Betoni-lehti\" \/>\n<meta property=\"article:published_time\" content=\"2021-10-08T10:42:00+00:00\" \/>\n<meta property=\"article:modified_time\" content=\"2022-09-13T12:58:50+00:00\" \/>\n<meta property=\"og:image\" content=\"https:\/\/betoni.com\/lehti\/wp-content\/uploads\/sites\/4\/2022\/02\/Portus-perustukset_kuvat_Matti-Vuohelainen_1920x1080px.jpg\" \/>\n\t<meta property=\"og:image:width\" content=\"1920\" \/>\n\t<meta property=\"og:image:height\" content=\"1080\" \/>\n\t<meta property=\"og:image:type\" content=\"image\/jpeg\" \/>\n<meta name=\"author\" content=\"Nina Loisalo\" \/>\n<meta name=\"twitter:card\" content=\"summary_large_image\" \/>\n<meta name=\"twitter:label1\" content=\"Written by\" \/>\n\t<meta name=\"twitter:data1\" content=\"Nina Loisalo\" \/>\n\t<meta name=\"twitter:label2\" content=\"Est. reading time\" \/>\n\t<meta name=\"twitter:data2\" content=\"3 minuuttia\" \/>\n<script type=\"application\/ld+json\" class=\"yoast-schema-graph\">{\"@context\":\"https:\/\/schema.org\",\"@graph\":[{\"@type\":\"Article\",\"@id\":\"https:\/\/betoni.com\/lehti\/2021\/10\/08\/portukseen-rakennettiin-vaativia-ja-vesitiiviita-rakenteita\/#article\",\"isPartOf\":{\"@id\":\"https:\/\/betoni.com\/lehti\/2021\/10\/08\/portukseen-rakennettiin-vaativia-ja-vesitiiviita-rakenteita\/\"},\"author\":{\"name\":\"Nina Loisalo\",\"@id\":\"https:\/\/betoni.com\/lehti\/#\/schema\/person\/48daa047cb90360f16de566098506c35\"},\"headline\":\"Portukseen rakennettiin vaativia ja vesitiiviit\u00e4 rakenteita\",\"datePublished\":\"2021-10-08T10:42:00+00:00\",\"dateModified\":\"2022-09-13T12:58:50+00:00\",\"mainEntityOfPage\":{\"@id\":\"https:\/\/betoni.com\/lehti\/2021\/10\/08\/portukseen-rakennettiin-vaativia-ja-vesitiiviita-rakenteita\/\"},\"wordCount\":438,\"image\":{\"@id\":\"https:\/\/betoni.com\/lehti\/2021\/10\/08\/portukseen-rakennettiin-vaativia-ja-vesitiiviita-rakenteita\/#primaryimage\"},\"thumbnailUrl\":\"https:\/\/betoni.com\/lehti\/wp-content\/uploads\/sites\/4\/2022\/02\/Portus-perustukset_kuvat_Matti-Vuohelainen_1920x1080px.jpg\",\"keywords\":[\"betonielementti\",\"betonirakentaminen\",\"kerrostalo\",\"paalut\"],\"articleSection\":[\"Rakennukset\"],\"inLanguage\":\"fi\"},{\"@type\":\"WebPage\",\"@id\":\"https:\/\/betoni.com\/lehti\/2021\/10\/08\/portukseen-rakennettiin-vaativia-ja-vesitiiviita-rakenteita\/\",\"url\":\"https:\/\/betoni.com\/lehti\/2021\/10\/08\/portukseen-rakennettiin-vaativia-ja-vesitiiviita-rakenteita\/\",\"name\":\"Portukseen rakennettiin vaativia ja vesitiiviit\u00e4 rakenteita - Betoni-lehti\",\"isPartOf\":{\"@id\":\"https:\/\/betoni.com\/lehti\/#website\"},\"primaryImageOfPage\":{\"@id\":\"https:\/\/betoni.com\/lehti\/2021\/10\/08\/portukseen-rakennettiin-vaativia-ja-vesitiiviita-rakenteita\/#primaryimage\"},\"image\":{\"@id\":\"https:\/\/betoni.com\/lehti\/2021\/10\/08\/portukseen-rakennettiin-vaativia-ja-vesitiiviita-rakenteita\/#primaryimage\"},\"thumbnailUrl\":\"https:\/\/betoni.com\/lehti\/wp-content\/uploads\/sites\/4\/2022\/02\/Portus-perustukset_kuvat_Matti-Vuohelainen_1920x1080px.jpg\",\"datePublished\":\"2021-10-08T10:42:00+00:00\",\"dateModified\":\"2022-09-13T12:58:50+00:00\",\"author\":{\"@id\":\"https:\/\/betoni.com\/lehti\/#\/schema\/person\/48daa047cb90360f16de566098506c35\"},\"breadcrumb\":{\"@id\":\"https:\/\/betoni.com\/lehti\/2021\/10\/08\/portukseen-rakennettiin-vaativia-ja-vesitiiviita-rakenteita\/#breadcrumb\"},\"inLanguage\":\"fi\",\"potentialAction\":[{\"@type\":\"ReadAction\",\"target\":[\"https:\/\/betoni.com\/lehti\/2021\/10\/08\/portukseen-rakennettiin-vaativia-ja-vesitiiviita-rakenteita\/\"]}]},{\"@type\":\"ImageObject\",\"inLanguage\":\"fi\",\"@id\":\"https:\/\/betoni.com\/lehti\/2021\/10\/08\/portukseen-rakennettiin-vaativia-ja-vesitiiviita-rakenteita\/#primaryimage\",\"url\":\"https:\/\/betoni.com\/lehti\/wp-content\/uploads\/sites\/4\/2022\/02\/Portus-perustukset_kuvat_Matti-Vuohelainen_1920x1080px.jpg\",\"contentUrl\":\"https:\/\/betoni.com\/lehti\/wp-content\/uploads\/sites\/4\/2022\/02\/Portus-perustukset_kuvat_Matti-Vuohelainen_1920x1080px.jpg\",\"width\":1920,\"height\":1080},{\"@type\":\"BreadcrumbList\",\"@id\":\"https:\/\/betoni.com\/lehti\/2021\/10\/08\/portukseen-rakennettiin-vaativia-ja-vesitiiviita-rakenteita\/#breadcrumb\",\"itemListElement\":[{\"@type\":\"ListItem\",\"position\":1,\"name\":\"Home\",\"item\":\"https:\/\/betoni.com\/lehti\/\"},{\"@type\":\"ListItem\",\"position\":2,\"name\":\"Portukseen rakennettiin vaativia ja vesitiiviit\u00e4 rakenteita\"}]},{\"@type\":\"WebSite\",\"@id\":\"https:\/\/betoni.com\/lehti\/#website\",\"url\":\"https:\/\/betoni.com\/lehti\/\",\"name\":\"Betoni-lehti\",\"description\":\"Betoni ry:n verkkolehti\",\"potentialAction\":[{\"@type\":\"SearchAction\",\"target\":{\"@type\":\"EntryPoint\",\"urlTemplate\":\"https:\/\/betoni.com\/lehti\/?s={search_term_string}\"},\"query-input\":{\"@type\":\"PropertyValueSpecification\",\"valueRequired\":true,\"valueName\":\"search_term_string\"}}],\"inLanguage\":\"fi\"},{\"@type\":\"Person\",\"@id\":\"https:\/\/betoni.com\/lehti\/#\/schema\/person\/48daa047cb90360f16de566098506c35\",\"name\":\"Nina Loisalo\",\"url\":\"https:\/\/betoni.com\/lehti\/author\/nina-loisalorakennusteollisuus-fi\/\"}]}<\/script>\n<!-- \/ Yoast SEO plugin. -->","yoast_head_json":{"title":"Portukseen rakennettiin vaativia ja vesitiiviit\u00e4 rakenteita - Betoni-lehti","robots":{"index":"index","follow":"follow","max-snippet":"max-snippet:-1","max-image-preview":"max-image-preview:large","max-video-preview":"max-video-preview:-1"},"canonical":"https:\/\/betoni.com\/lehti\/2021\/10\/08\/portukseen-rakennettiin-vaativia-ja-vesitiiviita-rakenteita\/","og_locale":"fi_FI","og_type":"article","og_title":"Portukseen rakennettiin vaativia ja vesitiiviit\u00e4 rakenteita - Betoni-lehti","og_description":"Verkkosaareen rakennetun Portuksen perustukset valettiin kolme metri\u00e4 merivedenpinnan alapuolelle padon suojassa.","og_url":"https:\/\/betoni.com\/lehti\/2021\/10\/08\/portukseen-rakennettiin-vaativia-ja-vesitiiviita-rakenteita\/","og_site_name":"Betoni-lehti","article_published_time":"2021-10-08T10:42:00+00:00","article_modified_time":"2022-09-13T12:58:50+00:00","og_image":[{"width":1920,"height":1080,"url":"https:\/\/betoni.com\/lehti\/wp-content\/uploads\/sites\/4\/2022\/02\/Portus-perustukset_kuvat_Matti-Vuohelainen_1920x1080px.jpg","type":"image\/jpeg"}],"author":"Nina Loisalo","twitter_card":"summary_large_image","twitter_misc":{"Written by":"Nina Loisalo","Est. reading time":"3 minuuttia"},"schema":{"@context":"https:\/\/schema.org","@graph":[{"@type":"Article","@id":"https:\/\/betoni.com\/lehti\/2021\/10\/08\/portukseen-rakennettiin-vaativia-ja-vesitiiviita-rakenteita\/#article","isPartOf":{"@id":"https:\/\/betoni.com\/lehti\/2021\/10\/08\/portukseen-rakennettiin-vaativia-ja-vesitiiviita-rakenteita\/"},"author":{"name":"Nina Loisalo","@id":"https:\/\/betoni.com\/lehti\/#\/schema\/person\/48daa047cb90360f16de566098506c35"},"headline":"Portukseen rakennettiin vaativia ja vesitiiviit\u00e4 rakenteita","datePublished":"2021-10-08T10:42:00+00:00","dateModified":"2022-09-13T12:58:50+00:00","mainEntityOfPage":{"@id":"https:\/\/betoni.com\/lehti\/2021\/10\/08\/portukseen-rakennettiin-vaativia-ja-vesitiiviita-rakenteita\/"},"wordCount":438,"image":{"@id":"https:\/\/betoni.com\/lehti\/2021\/10\/08\/portukseen-rakennettiin-vaativia-ja-vesitiiviita-rakenteita\/#primaryimage"},"thumbnailUrl":"https:\/\/betoni.com\/lehti\/wp-content\/uploads\/sites\/4\/2022\/02\/Portus-perustukset_kuvat_Matti-Vuohelainen_1920x1080px.jpg","keywords":["betonielementti","betonirakentaminen","kerrostalo","paalut"],"articleSection":["Rakennukset"],"inLanguage":"fi"},{"@type":"WebPage","@id":"https:\/\/betoni.com\/lehti\/2021\/10\/08\/portukseen-rakennettiin-vaativia-ja-vesitiiviita-rakenteita\/","url":"https:\/\/betoni.com\/lehti\/2021\/10\/08\/portukseen-rakennettiin-vaativia-ja-vesitiiviita-rakenteita\/","name":"Portukseen rakennettiin vaativia ja vesitiiviit\u00e4 rakenteita - Betoni-lehti","isPartOf":{"@id":"https:\/\/betoni.com\/lehti\/#website"},"primaryImageOfPage":{"@id":"https:\/\/betoni.com\/lehti\/2021\/10\/08\/portukseen-rakennettiin-vaativia-ja-vesitiiviita-rakenteita\/#primaryimage"},"image":{"@id":"https:\/\/betoni.com\/lehti\/2021\/10\/08\/portukseen-rakennettiin-vaativia-ja-vesitiiviita-rakenteita\/#primaryimage"},"thumbnailUrl":"https:\/\/betoni.com\/lehti\/wp-content\/uploads\/sites\/4\/2022\/02\/Portus-perustukset_kuvat_Matti-Vuohelainen_1920x1080px.jpg","datePublished":"2021-10-08T10:42:00+00:00","dateModified":"2022-09-13T12:58:50+00:00","author":{"@id":"https:\/\/betoni.com\/lehti\/#\/schema\/person\/48daa047cb90360f16de566098506c35"},"breadcrumb":{"@id":"https:\/\/betoni.com\/lehti\/2021\/10\/08\/portukseen-rakennettiin-vaativia-ja-vesitiiviita-rakenteita\/#breadcrumb"},"inLanguage":"fi","potentialAction":[{"@type":"ReadAction","target":["https:\/\/betoni.com\/lehti\/2021\/10\/08\/portukseen-rakennettiin-vaativia-ja-vesitiiviita-rakenteita\/"]}]},{"@type":"ImageObject","inLanguage":"fi","@id":"https:\/\/betoni.com\/lehti\/2021\/10\/08\/portukseen-rakennettiin-vaativia-ja-vesitiiviita-rakenteita\/#primaryimage","url":"https:\/\/betoni.com\/lehti\/wp-content\/uploads\/sites\/4\/2022\/02\/Portus-perustukset_kuvat_Matti-Vuohelainen_1920x1080px.jpg","contentUrl":"https:\/\/betoni.com\/lehti\/wp-content\/uploads\/sites\/4\/2022\/02\/Portus-perustukset_kuvat_Matti-Vuohelainen_1920x1080px.jpg","width":1920,"height":1080},{"@type":"BreadcrumbList","@id":"https:\/\/betoni.com\/lehti\/2021\/10\/08\/portukseen-rakennettiin-vaativia-ja-vesitiiviita-rakenteita\/#breadcrumb","itemListElement":[{"@type":"ListItem","position":1,"name":"Home","item":"https:\/\/betoni.com\/lehti\/"},{"@type":"ListItem","position":2,"name":"Portukseen rakennettiin vaativia ja vesitiiviit\u00e4 rakenteita"}]},{"@type":"WebSite","@id":"https:\/\/betoni.com\/lehti\/#website","url":"https:\/\/betoni.com\/lehti\/","name":"Betoni-lehti","description":"Betoni ry:n verkkolehti","potentialAction":[{"@type":"SearchAction","target":{"@type":"EntryPoint","urlTemplate":"https:\/\/betoni.com\/lehti\/?s={search_term_string}"},"query-input":{"@type":"PropertyValueSpecification","valueRequired":true,"valueName":"search_term_string"}}],"inLanguage":"fi"},{"@type":"Person","@id":"https:\/\/betoni.com\/lehti\/#\/schema\/person\/48daa047cb90360f16de566098506c35","name":"Nina Loisalo","url":"https:\/\/betoni.com\/lehti\/author\/nina-loisalorakennusteollisuus-fi\/"}]}},"_links":{"self":[{"href":"https:\/\/betoni.com\/lehti\/wp-json\/wp\/v2\/posts\/19606","targetHints":{"allow":["GET"]}}],"collection":[{"href":"https:\/\/betoni.com\/lehti\/wp-json\/wp\/v2\/posts"}],"about":[{"href":"https:\/\/betoni.com\/lehti\/wp-json\/wp\/v2\/types\/post"}],"author":[{"embeddable":true,"href":"https:\/\/betoni.com\/lehti\/wp-json\/wp\/v2\/users\/3"}],"replies":[{"embeddable":true,"href":"https:\/\/betoni.com\/lehti\/wp-json\/wp\/v2\/comments?post=19606"}],"version-history":[{"count":0,"href":"https:\/\/betoni.com\/lehti\/wp-json\/wp\/v2\/posts\/19606\/revisions"}],"wp:featuredmedia":[{"embeddable":true,"href":"https:\/\/betoni.com\/lehti\/wp-json\/wp\/v2\/media\/19607"}],"wp:attachment":[{"href":"https:\/\/betoni.com\/lehti\/wp-json\/wp\/v2\/media?parent=19606"}],"wp:term":[{"taxonomy":"category","embeddable":true,"href":"https:\/\/betoni.com\/lehti\/wp-json\/wp\/v2\/categories?post=19606"},{"taxonomy":"post_tag","embeddable":true,"href":"https:\/\/betoni.com\/lehti\/wp-json\/wp\/v2\/tags?post=19606"}],"curies":[{"name":"wp","href":"https:\/\/api.w.org\/{rel}","templated":true}]}}