{"id":21075,"date":"2022-06-02T11:50:00","date_gmt":"2022-06-02T08:50:00","guid":{"rendered":"https:\/\/betoni.com\/lehti\/?p=21075"},"modified":"2022-06-22T10:17:48","modified_gmt":"2022-06-22T07:17:48","slug":"vuoden-2021-betonirakenne-taideyliopiston-mylly-tehtiin-kestavaksi","status":"publish","type":"post","link":"https:\/\/betoni.com\/lehti\/2022\/06\/02\/vuoden-2021-betonirakenne-taideyliopiston-mylly-tehtiin-kestavaksi\/","title":{"rendered":"Vuoden 2021 Betonirakenne: Taideyliopiston Mylly \u2013 tehtiin kest\u00e4v\u00e4ksi"},"content":{"rendered":"\n<p>Taideyliopiston uusi rakennus Mylly palkittiin Vuoden 2021 Betonirakenteena yksil\u00f6llisest\u00e4 ja taitavasta arkkitehti- ja rakennesuunnittelusta sek\u00e4 laadukkaasta rakennuttamisesta ja toteutuksesta, jossa betonilla on n\u00e4kyv\u00e4 rooli yksityiskohtia my\u00f6ten.<\/p>\n\n\n\n<p>\u201dSek\u00e4 peruskorjatut vanhat ett\u00e4 uudet betonirakenteet ja -pinnat ovat rakennuksessa laajalti esill\u00e4. Valmistunut kokonaisuus on kiinnostava esimerkki kest\u00e4v\u00e4n, arkisen betonisen tuotantorakennuksen muuntojoustavuudesta taideopetuksen ja kulttuurin k\u00e4ytt\u00f6\u00f6n ainakin seuraavaksi sadaksi vuodeksi, jossa uusi toiminta on n\u00e4ht\u00e4viss\u00e4 ja koettavissa. Rakennus on helposti l\u00e4hestytt\u00e4v\u00e4 avara julkitila n\u00e4yttelytiloineen ket\u00e4\u00e4n pois sulkematta, mutta se tarjoaa my\u00f6s yksityiset tilat taiteen tekemiselle\u201d, kiitti tuomaristo.<\/p>\n\n\n\n<figure class=\"wp-block-image size-full\"><img loading=\"lazy\" decoding=\"async\" width=\"1920\" height=\"1308\" src=\"https:\/\/betoni.com\/lehti\/wp-content\/uploads\/sites\/4\/2022\/06\/Vuoden-betonirakenne_2021_voittajat_1920x1308px.jpg\" alt=\"\" class=\"wp-image-21090\" srcset=\"https:\/\/betoni.com\/lehti\/wp-content\/uploads\/sites\/4\/2022\/06\/Vuoden-betonirakenne_2021_voittajat_1920x1308px.jpg 1920w, https:\/\/betoni.com\/lehti\/wp-content\/uploads\/sites\/4\/2022\/06\/Vuoden-betonirakenne_2021_voittajat_1920x1308px-800x545.jpg 800w, https:\/\/betoni.com\/lehti\/wp-content\/uploads\/sites\/4\/2022\/06\/Vuoden-betonirakenne_2021_voittajat_1920x1308px-300x204.jpg 300w, https:\/\/betoni.com\/lehti\/wp-content\/uploads\/sites\/4\/2022\/06\/Vuoden-betonirakenne_2021_voittajat_1920x1308px-768x523.jpg 768w, https:\/\/betoni.com\/lehti\/wp-content\/uploads\/sites\/4\/2022\/06\/Vuoden-betonirakenne_2021_voittajat_1920x1308px-1536x1046.jpg 1536w\" sizes=\"auto, (max-width: 1920px) 100vw, 1920px\" \/><figcaption>Taideyliopisto Myllyn rakennuttajat, suunnittelijat ja toteuttajat vastaanottivat <br>Vuoden Betonirakenne 2021 palkinnon vasta maaliskuun 2022 lopussa j\u00e4rjestetyss\u00e4 tilaisuudessa. <br>Kuva: Tommi Ahlberg<\/figcaption><\/figure>\n\n\n\n<p>Myllyss\u00e4 yhdistyy uudisrakentaminen ja vanhojen suojeltujen osien peruskorjaaminen. Kuvataideakatemian p\u00e4\u00e4rakennuksena toimiva Mylly muodostaa saman korttelin vanhojen maamerkkirakennusten ja viereisen Teatterikorkeakoulun rakennuksen kanssa Taideyliopiston uuden S\u00f6rn\u00e4isten kampuksen, joka tuo kuvataiteen, teatterin ja tanssin yhteen kortteliin.<\/p>\n\n\n\n<p>Tontilla ennen sijainneen Helsingin Myllyn mukaan nimens\u00e4 saanut uusi veistoksellinen rakennus on arkkitehtuuriltaan rouhea ja ammentaa aiheita sek\u00e4 k\u00e4ytt\u00e4\u00e4 materiaalipaletin entisen teollisuusalueen historiasta.<\/p>\n\n\n\n<p>\u201dSijoittuminen vilkkaan S\u00f6rn\u00e4isten rantatien tien varteen ja eleett\u00f6myys vanhassa tehdasmilj\u00f6\u00f6ss\u00e4 ovat vain k\u00e4tketty\u00e4 mahtipontisuutta. Tilava opetusrakennus on onnistunut kokonaisuus ty\u00f6- ja n\u00e4yttelytiloja\u201d, totesi tuomaristo.<\/p>\n\n\n\n<p>Vuonna 2017 arkkitehtuurikilpailun voittaneeseen JKMM Arkkitehtien suunnittelemaan rakennukseen on r\u00e4\u00e4t\u00e4l\u00f6ity tiiviiss\u00e4 yhteisty\u00f6ss\u00e4 k\u00e4ytt\u00e4j\u00e4n, henkil\u00f6kunnan ja opiskelijoiden kanssa avoimet ja muunneltavat tilat kuvataiteen, valo- ja \u00e4\u00e4nisuunnittelun sek\u00e4 esitt\u00e4v\u00e4n taiteen lavastuksen opetusta ja tapahtumia varten. Rakennuksen runko mahdollistaa tarvittaessa monia muunneltavia tilakombinaatioita.<\/p>\n\n\n\n<p>Katutason sis\u00e4\u00e4nk\u00e4yntiaula sek\u00e4 n\u00e4yttelytila avautuvat laajoin ikkunoin ymp\u00e4r\u00f6iv\u00e4\u00e4n katumaisemaan. Betoninen p\u00e4\u00e4portaikko johdattaa yl\u00f6sp\u00e4in kohti yksityisempi\u00e4 opetus- ja ty\u00f6tiloja. Rakennuksen syd\u00e4n on viisi kerrosta yhdist\u00e4v\u00e4 valoisa ja avara keskustila, joka liitt\u00e4\u00e4 toisiinsa eri opetusalueet ja tarjoaa paikan tapahtumille sek\u00e4 kohtaamisille. Laaja kattoterassi mahdollistaa toiminnan my\u00f6s ulkotilassa. Mittavan kunnostuksen l\u00e4pik\u00e4yneess\u00e4 siilorakennuksessa on muun muassa oppilaskunnan tilat sek\u00e4 opetus- ja projektity\u00f6tiloja.<\/p>\n\n\n\n<figure class=\"wp-block-image size-full\"><img loading=\"lazy\" decoding=\"async\" width=\"980\" height=\"1307\" src=\"https:\/\/betoni.com\/lehti\/wp-content\/uploads\/sites\/4\/2022\/06\/Taideyliopiston-Mylly_17_980x1307px.jpg\" alt=\"\" class=\"wp-image-21100\" srcset=\"https:\/\/betoni.com\/lehti\/wp-content\/uploads\/sites\/4\/2022\/06\/Taideyliopiston-Mylly_17_980x1307px.jpg 980w, https:\/\/betoni.com\/lehti\/wp-content\/uploads\/sites\/4\/2022\/06\/Taideyliopiston-Mylly_17_980x1307px-600x800.jpg 600w, https:\/\/betoni.com\/lehti\/wp-content\/uploads\/sites\/4\/2022\/06\/Taideyliopiston-Mylly_17_980x1307px-225x300.jpg 225w, https:\/\/betoni.com\/lehti\/wp-content\/uploads\/sites\/4\/2022\/06\/Taideyliopiston-Mylly_17_980x1307px-768x1024.jpg 768w\" sizes=\"auto, (max-width: 980px) 100vw, 980px\" \/><figcaption>Betoninen sis\u00e4\u00e4nk\u00e4yntiaulasta l\u00e4htev\u00e4 p\u00e4\u00e4portaikko johdattaa yl\u00f6sp\u00e4in kohti yksityisempi\u00e4 opetus- ja ty\u00f6tiloja. <br>Kuva: Asmo Jaaksi<\/figcaption><\/figure>\n\n\n\n<h3 class=\"wp-block-heading\">Haastavat rakennusty\u00f6t<\/h3>\n\n\n\n<p>Rakentamisen haasteita ovat olleet vaativat louhinta- ja maanrakennusty\u00f6t sek\u00e4 purkut\u00f6iss\u00e4 s\u00e4ilytett\u00e4vien rakennusten rajapinnat, joissa osassa on tarvittu vahvaa tuentaa. Vanhoja maanvaraisia perustuksia on tuettu muun muassa suihkupaalutuksella. Uudisrakennuksen perustukset on tehty kallionvaraisena.<\/p>\n\n\n\n<p>Osia vanhasta viljasiilosta on s\u00e4ilytetty ja siilojen rakenteita on vahvistettu ter\u00e4sbetonimantteloinneilla ja l\u00e4mp\u00f6eristetty levyrappaamalla.<\/p>\n\n\n\n<p>Betonin kest\u00e4v\u00e4t ominaisuudet tulevat esiin rakenteissa ja k\u00e4ytt\u00f6pinnoissa. Uudisrakennuksen runko on paikallavalettu betonipilarilaatta ja j\u00e4ykist\u00e4vin\u00e4 rakenteina toimivat aukotetut ulkosein\u00e4rakenteet sek\u00e4 sis\u00e4ll\u00e4 olevat hissikuilut. Tiukkojen \u00e4\u00e4nenerist\u00e4vyysvaatimusten vuoksi v\u00e4lipohjarakenteet ovat poikkeuksellisen paksuja. N\u00e4iden kest\u00e4vyys on varmistettu l\u00e4vistysraudoituksella, jonka suuren kapasiteetin ansiosta erillisi\u00e4 sienivahvistuksia ei tarvittu.<\/p>\n\n\n\n<p>Keskusaulassa kerroksien v\u00e4lill\u00e4 kulkevat ristikk\u00e4in pintak\u00e4sittelem\u00e4tt\u00f6m\u00e4t, konepajalla hitsatut ter\u00e4sportaat, jotka on asennettu betonisiin v\u00e4lipohjatasoihin.<\/p>\n\n\n\n<p>Rakennuksen perustukset ja betonirunko on mitoitettu 100 vuoden k\u00e4ytt\u00f6i\u00e4lle.<\/p>\n\n\n<\/div>  <div class=\"quotation no-background\">\n    <div class=\"container\">\n      <div class=\"row\">\n        <div class=\"col-lg-1\">\n          <img decoding=\"async\" src=\"https:\/\/betoni.com\/lehti\/wp-content\/themes\/pt-betoni-theme\/assets\/images\/quote.png\" class=\"quote-icon\" \/>\n        <\/div>\n        <div class=\"col-lg-11\">\n          <h3 class=\"quote-text\">&#8221;Toteutunut kohde on osoitus ammattitaitoisesta rakennuttamisesta, eri osapuolten saumattomasta yhteisty\u00f6st\u00e4, ensiluokkaisesta suunnittelusta ja toteutuksesta\u201d<\/h3>\n        <\/div>\n      <\/div>\n    <\/div>\n  <\/div>\n<div class='container'>\n\n\n<h3 class=\"wp-block-heading\">Vaativia betonirakenteita<\/h3>\n\n\n\n<p>Betonirungon valun haasteita ovat olleet seinien ja n\u00e4kyviin j\u00e4\u00e4vien pintojen puhdasvalupinnat, korkeat holvituennat sek\u00e4 isot ikkunaja oviaukot. Lis\u00e4haastetta ovat asettaneet itsetiivistyv\u00e4ll\u00e4 IT-betonilla valetut korkeat sein\u00e4t ja kuilut. N\u00e4iss\u00e4 vaativissa betonirakenteiden toteutuksissa runkourakoitsijana toiminut Keski-Suomen Betonirakenne Oy on onnistunut erinomaisesti.<\/p>\n\n\n\n<p>Paikallavalettu betonirunko ja -pinnat on suunniteltu kest\u00e4m\u00e4\u00e4n kovaa k\u00e4ytt\u00f6\u00e4 ja muokkausta. Pinnoittamattomat betonipinnat, k\u00e4sittelem\u00e4tt\u00f6m\u00e4t ter\u00e4spinnat ja sisustuksen karhea yleisote sopivat hyvin yhteen rakennuksen teollisen perinteen kanssa. Paikallavalupinnoissa n\u00e4kyv\u00e4t muottilaudoituksen ja muottilukituksen kuviot. Rouheissa betonipinnoissa on sallittu ty\u00f6n j\u00e4ljen n\u00e4kyminen. K\u00e4yt\u00f6ss\u00e4 olevat betonipinnat on my\u00f6s suojak\u00e4sitelty p\u00f6lynsidonta-aineella.<\/p>\n\n\n\n<p>Katutason tilojen, sis\u00e4\u00e4nk\u00e4yntiaulan, n\u00e4yttelytilojen ja p\u00e4\u00e4portaikon betoniset lattiapinnat on hierretty. Muissa kerroksissa on p\u00e4\u00e4osin kovaa kulutusta kest\u00e4v\u00e4t kovabetonilattiat. Betonirakenteinen saumaton lattia on kest\u00e4v\u00e4 ja helposti huollettava.<\/p>\n\n\n\n<p>\u201dKohde on vaatinut erityisosaamista sek\u00e4 uusien ja vanhojen rakenteiden ett\u00e4 uuden tekniikan yhteensovittamista. Hankkeen suunnittelu ja johtaminen ovat olleet poikkeuksellisen haastavia kokonaisuuksia. Toteutunut kohde on osoitus ammattitaitoisesta rakennuttamisesta, eri osapuolten saumattomasta yhteisty\u00f6st\u00e4, ensiluokkaisesta suunnittelusta ja toteutuksesta\u201d, korosti tuomaristo.<\/p>\n\n\n\n<p>\u201dValmistunut rakennuskokonaisuus on hyv\u00e4 esimerkki julkisesta rakentamisesta, miss\u00e4 monipuolisella betonin k\u00e4yt\u00f6ll\u00e4 on aikaansaatu kest\u00e4v\u00e4\u00e4 ja laadukasta rakentamista, jossa pitk\u00e4 k\u00e4ytt\u00f6ik\u00e4 ja muuntojoustavuus ovat olleet jo suunnittelun l\u00e4ht\u00f6kohtina. Rakennuskokonaisuus on arkkitehtonisesti, kaupunkikuvallisesti ja historiallisesti arvokas ja osoitus kest\u00e4v\u00e4st\u00e4 betonirakentamisesta. Tilat ovat valmiit, kun taideyliopistolaiset muokkaavat niist\u00e4 ajan ja tarpeiden mukaan itsens\u00e4 n\u00e4k\u00f6isen\u201d, kiitti tuomaristo.<\/p>\n\n\n\n<p>Taideyliopiston Myllyss\u00e4 on uutta rakentamista 10 923 m2 ja vanhaa s\u00e4ilytetty\u00e4 1776 m2, yhteens\u00e4 12 699 m2.<\/p>\n\n\n\n<p>Vuoden Betonirakenne -kilpailu on j\u00e4rjestetty vuodesta 1970 l\u00e4htien ja vuonna 2021 se j\u00e4rjestettiin 52. kerran. T\u00e4ll\u00e4 kertaa kilpailuun osallistui 9 ehdotusta. Palkinto annetaan vuosittaisen kilpailun perusteella rakennuskohteelle, joka parhaiten edustaa suomalaista betonirakentamista. Tarkoituksena on tehd\u00e4 tunnetuksi ja edist\u00e4\u00e4 suomalaista betoniarkkitehtuuria, -tekniikkaa ja -rakentamista. Kilpailun j\u00e4rjesti Betoniteollisuus ry.<\/p>\n\n\n<\/div><div class=\"image-gallery 592858\">\n    <div class=\"container\">\n        <div class=\"row\">\n            <div class=\"col-12\">\n                <p class=\"title\">Kuvagalleria<\/p>\n            <\/div>\n            <div class=\"col-12 image-gallery-grid \">\n\n                                                    <div>\n                                                <img decoding=\"async\" class=\"image \"\n                                                    src=\"https:\/\/betoni.com\/lehti\/wp-content\/uploads\/sites\/4\/2022\/06\/Taideyliopiston_Mylly_1920x1308_KSBR-Oy.jpg\"\n                                                    alt=\"\"K\u00e4ytimme ulkoseinien muotituksessa Doka Oy:n Top50-sein\u00e4muottikalustoa. Betonikonkareiden taidot olivat tarpeen my\u00f6s Manto-muoteilla tehtyjen kuilujen asennuksissa, holvien raudoitust\u00f6iss\u00e4 sek\u00e4 seinien valut\u00f6iss\u00e4. Runkot\u00f6ihin sis\u00e4ltyi 10 000 neli\u00f6metri\u00e4 holvipintoja ja 4 500 neli\u00f6t\u00e4 v\u00e4li- ja ulkoseinien muottit\u00f6it\u00e4. Betonia meni yli 6 000 kuutiota\", ty\u00f6p\u00e4\u00e4llikk\u00f6 Janne Ikonen Keski-Suomen Betonirakenne Oy:st\u00e4 kertoo. Kuva: KSBR Oy\" key=\"0\" \/>\n                                                                                    <\/div>\n                                                    <div>\n                                                <img decoding=\"async\" class=\"image \"\n                                                    src=\"https:\/\/betoni.com\/lehti\/wp-content\/uploads\/sites\/4\/2022\/06\/Taideyliopiston_Mylly_03_1920x1308_Tuomas-Uusheimo.jpg\"\n                                                    alt=\"Kattoterassin julkisivuaukotus mukailee muita kerroksia. Laaja kattoterassi mahdollistaa erilaiset tapahtuma- ja n\u00e4yttelytoiminnat my\u00f6s ulkotiloissa. Samalla avautuvat laajat n\u00e4kym\u00e4t yli kaupungin. Kuva: Tuomas Uusheimo\" key=\"1\" \/>\n                                                                                    <\/div>\n                                                    <div>\n                                                <img decoding=\"async\" class=\"image \"\n                                                    src=\"https:\/\/betoni.com\/lehti\/wp-content\/uploads\/sites\/4\/2021\/12\/Taideyliopiston-Mylly_13_1920x1080px.jpg\"\n                                                    alt=\"Tilat ovat valmiit, kun taideyliopistolaiset muokkaavat niist\u00e4 ajan ja tarpeiden mukaan itsens\u00e4 n\u00e4k\u00f6isen toiminnallisen kokonaisuuden. Kuva: Tuomas Uusheimo \" key=\"2\" \/>\n                                                                                    <\/div>\n                                                    <div>\n                                                <img decoding=\"async\" class=\"image \"\n                                                    src=\"https:\/\/betoni.com\/lehti\/wp-content\/uploads\/sites\/4\/2022\/06\/Taideyliopiston_Mylly_980x1372px_Marc-Goodwin.jpg\"\n                                                    alt=\"Osia vanhasta viljasiilosta on s\u00e4ilytetty ja siilojen rakenteita on vahvistettu ter\u00e4sbetonimantteloinneilla ja l\u00e4mp\u00f6eristetty levyrappaamalla. Kuva: Marc Goodwin\" key=\"3\" \/>\n                                                                                    <\/div>\n                            <\/div>\n        <\/div>\n    <\/div>\n    <div class=\"gallery-popup\">\n        <div class=\"container-fluid\">\n            <div class=\"row\">\n                <div class=\"col-md-8\">\n                    <div class=\"w-100 position-relative\">\n                        <button class=\"button-image button-image-prev\">\n                            <img decoding=\"async\" src=\"https:\/\/betoni.com\/lehti\/wp-content\/themes\/pt-betoni-theme\/assets\/images\/ic-chevron-left.svg\" \/>\n                        <\/button>\n                        <button class=\"button-image button-image-next\">\n                            <img decoding=\"async\" src=\"https:\/\/betoni.com\/lehti\/wp-content\/themes\/pt-betoni-theme\/assets\/images\/ic-chevron-right.svg\" \/>\n                        <\/button>\n                    <\/div>\n                    <div class=\"row title-row\">\n                        <div class=\"col-8\">\n                            <p class=\"alt_text\">&#8221;K\u00e4ytimme ulkoseinien muotituksessa Doka Oy:n Top50-sein\u00e4muottikalustoa. Betonikonkareiden taidot olivat tarpeen my\u00f6s Manto-muoteilla tehtyjen kuilujen asennuksissa, holvien raudoitust\u00f6iss\u00e4 sek\u00e4 seinien valut\u00f6iss\u00e4. Runkot\u00f6ihin sis\u00e4ltyi 10 000 neli\u00f6metri\u00e4 holvipintoja ja 4 500 neli\u00f6t\u00e4 v\u00e4li- ja ulkoseinien muottit\u00f6it\u00e4. Betonia meni yli 6 000 kuutiota&#8221;, ty\u00f6p\u00e4\u00e4llikk\u00f6 Janne Ikonen Keski-Suomen Betonirakenne Oy:st\u00e4 kertoo. Kuva: KSBR Oy<\/p>\n                        <\/div>\n                        <div class=\"col-4\">\n                            <a class=\"close-gallery\">X<\/a>\n                        <\/div>\n                    <\/div>\n                    <img decoding=\"async\" class=\"gallery-image\" src=\"https:\/\/betoni.com\/lehti\/wp-content\/uploads\/sites\/4\/2022\/06\/Taideyliopiston_Mylly_1920x1308_KSBR-Oy.jpg\" alt=\"\"K\u00e4ytimme ulkoseinien muotituksessa Doka Oy:n Top50-sein\u00e4muottikalustoa. Betonikonkareiden taidot olivat tarpeen my\u00f6s Manto-muoteilla tehtyjen kuilujen asennuksissa, holvien raudoitust\u00f6iss\u00e4 sek\u00e4 seinien valut\u00f6iss\u00e4. Runkot\u00f6ihin sis\u00e4ltyi 10 000 neli\u00f6metri\u00e4 holvipintoja ja 4 500 neli\u00f6t\u00e4 v\u00e4li- ja ulkoseinien muottit\u00f6it\u00e4. Betonia meni yli 6 000 kuutiota\", ty\u00f6p\u00e4\u00e4llikk\u00f6 Janne Ikonen Keski-Suomen Betonirakenne Oy:st\u00e4 kertoo. Kuva: KSBR Oy\" \/>\n                <\/div>\n                <div class=\"col-md-4\">\n                    <div class=\"gallery-sidebar\">\n                                                    <img decoding=\"async\" class=\"sidebar-image\" src=\"https:\/\/betoni.com\/lehti\/wp-content\/uploads\/sites\/4\/2022\/06\/Taideyliopiston_Mylly_1920x1308_KSBR-Oy.jpg\" alt=\"\"K\u00e4ytimme ulkoseinien muotituksessa Doka Oy:n Top50-sein\u00e4muottikalustoa. Betonikonkareiden taidot olivat tarpeen my\u00f6s Manto-muoteilla tehtyjen kuilujen asennuksissa, holvien raudoitust\u00f6iss\u00e4 sek\u00e4 seinien valut\u00f6iss\u00e4. Runkot\u00f6ihin sis\u00e4ltyi 10 000 neli\u00f6metri\u00e4 holvipintoja ja 4 500 neli\u00f6t\u00e4 v\u00e4li- ja ulkoseinien muottit\u00f6it\u00e4. Betonia meni yli 6 000 kuutiota\", ty\u00f6p\u00e4\u00e4llikk\u00f6 Janne Ikonen Keski-Suomen Betonirakenne Oy:st\u00e4 kertoo. Kuva: KSBR Oy\" key=\"0\" \/>\n                                                    <img decoding=\"async\" class=\"sidebar-image\" src=\"https:\/\/betoni.com\/lehti\/wp-content\/uploads\/sites\/4\/2022\/06\/Taideyliopiston_Mylly_03_1920x1308_Tuomas-Uusheimo.jpg\" alt=\"Kattoterassin julkisivuaukotus mukailee muita kerroksia. Laaja kattoterassi mahdollistaa erilaiset tapahtuma- ja n\u00e4yttelytoiminnat my\u00f6s ulkotiloissa. Samalla avautuvat laajat n\u00e4kym\u00e4t yli kaupungin. Kuva: Tuomas Uusheimo\" key=\"1\" \/>\n                                                    <img decoding=\"async\" class=\"sidebar-image\" src=\"https:\/\/betoni.com\/lehti\/wp-content\/uploads\/sites\/4\/2021\/12\/Taideyliopiston-Mylly_13_1920x1080px.jpg\" alt=\"Tilat ovat valmiit, kun taideyliopistolaiset muokkaavat niist\u00e4 ajan ja tarpeiden mukaan itsens\u00e4 n\u00e4k\u00f6isen toiminnallisen kokonaisuuden. Kuva: Tuomas Uusheimo \" key=\"2\" \/>\n                                                    <img decoding=\"async\" class=\"sidebar-image\" src=\"https:\/\/betoni.com\/lehti\/wp-content\/uploads\/sites\/4\/2022\/06\/Taideyliopiston_Mylly_980x1372px_Marc-Goodwin.jpg\" alt=\"Osia vanhasta viljasiilosta on s\u00e4ilytetty ja siilojen rakenteita on vahvistettu ter\u00e4sbetonimantteloinneilla ja l\u00e4mp\u00f6eristetty levyrappaamalla. Kuva: Marc Goodwin\" key=\"3\" \/>\n                                            <\/div>\n                <\/div>\n            <\/div>\n        <\/div>\n    <\/div>\n<\/div>\n\n<script>\n    jQuery(document).ready(() => {\n        jQuery('.image-gallery.592858 .gallery-popup').hide();\n        jQuery('.image-gallery.592858 .image').click((e) => {\n            jQuery('.image-gallery.592858 .gallery-popup .alt_text').html(jQuery(e.target).attr('alt'));\n            jQuery('.image-gallery.592858 .gallery-popup .gallery-image').attr('alt', jQuery(e.target).attr('alt'));\n            jQuery('.image-gallery.592858 .gallery-popup .gallery-image').attr('src', jQuery(e.target).attr('src'));\n            jQuery('.image-gallery.592858 .gallery-popup').show();\n            currentImage = jQuery(e.target).attr('key');\n        })\n        jQuery('.image-gallery.592858 .gallery-popup .sidebar-image').click((e) => {\n            jQuery('.image-gallery.592858 .gallery-popup .alt_text').html(jQuery(e.target).attr('alt'));\n            jQuery('.image-gallery.592858 .gallery-popup .gallery-image').attr('alt', jQuery(e.target).attr('alt'));\n            jQuery('.image-gallery.592858 .gallery-popup .gallery-image').attr('src', jQuery(e.target).attr('src'));\n            currentImage = jQuery(e.target).attr('key');\n        })\n        jQuery('.image-gallery.592858 .gallery-popup .close-gallery').click(() => {\n            jQuery('.image-gallery.592858 .gallery-popup').hide();\n        })\n\n        var theImages = [{\"alt_text\":\"\\\"K\\u00e4ytimme ulkoseinien muotituksessa Doka Oy:n Top50-sein\\u00e4muottikalustoa. Betonikonkareiden taidot olivat tarpeen my\\u00f6s Manto-muoteilla tehtyjen kuilujen asennuksissa, holvien raudoitust\\u00f6iss\\u00e4 sek\\u00e4 seinien valut\\u00f6iss\\u00e4. Runkot\\u00f6ihin sis\\u00e4ltyi 10 000 neli\\u00f6metri\\u00e4 holvipintoja ja 4 500 neli\\u00f6t\\u00e4 v\\u00e4li- ja ulkoseinien muottit\\u00f6it\\u00e4. Betonia meni yli 6 000 kuutiota\\\", ty\\u00f6p\\u00e4\\u00e4llikk\\u00f6 Janne Ikonen Keski-Suomen Betonirakenne Oy:st\\u00e4 kertoo. Kuva: KSBR Oy\",\"image\":\"https:\\\/\\\/betoni.com\\\/lehti\\\/wp-content\\\/uploads\\\/sites\\\/4\\\/2022\\\/06\\\/Taideyliopiston_Mylly_1920x1308_KSBR-Oy.jpg\"},{\"alt_text\":\"Kattoterassin julkisivuaukotus mukailee muita kerroksia. Laaja kattoterassi mahdollistaa erilaiset tapahtuma- ja n\\u00e4yttelytoiminnat my\\u00f6s ulkotiloissa. Samalla avautuvat laajat n\\u00e4kym\\u00e4t yli kaupungin. Kuva: Tuomas Uusheimo\",\"image\":\"https:\\\/\\\/betoni.com\\\/lehti\\\/wp-content\\\/uploads\\\/sites\\\/4\\\/2022\\\/06\\\/Taideyliopiston_Mylly_03_1920x1308_Tuomas-Uusheimo.jpg\"},{\"alt_text\":\"Tilat ovat valmiit, kun taideyliopistolaiset muokkaavat niist\\u00e4 ajan ja tarpeiden mukaan itsens\\u00e4 n\\u00e4k\\u00f6isen toiminnallisen kokonaisuuden. Kuva: Tuomas Uusheimo \",\"image\":\"https:\\\/\\\/betoni.com\\\/lehti\\\/wp-content\\\/uploads\\\/sites\\\/4\\\/2021\\\/12\\\/Taideyliopiston-Mylly_13_1920x1080px.jpg\"},{\"alt_text\":\"Osia vanhasta viljasiilosta on s\\u00e4ilytetty ja siilojen rakenteita on vahvistettu ter\\u00e4sbetonimantteloinneilla ja l\\u00e4mp\\u00f6eristetty levyrappaamalla. Kuva: Marc Goodwin\",\"image\":\"https:\\\/\\\/betoni.com\\\/lehti\\\/wp-content\\\/uploads\\\/sites\\\/4\\\/2022\\\/06\\\/Taideyliopiston_Mylly_980x1372px_Marc-Goodwin.jpg\"}];\n        var currentImage = 0;\n\n        jQuery('.image-gallery.592858 .gallery-popup .button-image-next').click(() => {\n            if (currentImage < theImages.length - 1) {\n                currentImage++;\n            } else {\n                currentImage = 0;\n            }\n            changeImage();\n        })\n        jQuery('.image-gallery.592858 .gallery-popup .button-image-prev').click(() => {\n            if (currentImage > 0) {\n                currentImage--;\n            } else {\n                currentImage = theImages.length - 1;\n            }\n            changeImage();\n        })\n\n        function changeImage() {\n            jQuery('.image-gallery.592858 .gallery-popup .alt_text').html(theImages[currentImage].alt_text);\n            jQuery('.image-gallery.592858 .gallery-popup .gallery-image').attr('alt', theImages[currentImage].alt_text);\n            jQuery('.image-gallery.592858 .gallery-popup .gallery-image').attr('src', theImages[currentImage].image);\n        }\n\n        document.onkeydown = function(event) {\n            switch (event.keyCode) {\n                case 27: \/\/ ESC closes popup\n                    jQuery('.image-gallery .gallery-popup').hide();\n                    break;\n                case 37:\n                    jQuery('.image-gallery .gallery-popup .button-image-prev').click();\n                    break;\n                case 39:\n                    jQuery('.image-gallery .gallery-popup .button-image-next').click();\n                    break;\n            }\n        };\n    })\n<\/script>\n<style>\n  .plus-other-images {position:relative;cursor:pointer;}\n.plus-other-images img {opacity: 0.5;filter:grayscale(100%);}\n.plus-other-images-overlay {display: block;position: absolute;top: 50%;left: 50%;transform: translate(-50%, -50%);color: #000;font-size: 4em;font-weight: 600;pointer-events: none;z-index: 2;text-shadow: 2px 2px 2px rgba(0,0,0,0.15);}\n.gallery-popup .button-image {z-index: 3;}\n<\/style>\n<div class='container'>\n\n<\/div><div class=\"kohde-info\">\n  <div class=\"left-layer-kohde-info\"><\/div>\n  <div class=\"container\">\n    <div class=\"row\">\n      <div class=\"col-lg-12 kohde-otsikko\">\n        <h2>Taideyliopiston Mylly, Helsinki<\/h2>\n      <\/div>\n    <\/div>\n    <div class=\"row\">\n      <div class=\"col-lg-4 kohde-kuva\">\n        <img decoding=\"async\" src=\"https:\/\/betoni.com\/lehti\/wp-content\/uploads\/sites\/4\/2022\/06\/Taideyliopiston_Mylly_1920x1308_02_Hannu-Rytky.jpg\" class=\"w-100\" alt=\"Taideyliopiston Mylly, Helsinki\">\n        <figcaption class=\"image_extratext\">Taideyliopiston uudessa rakennuksessa toimivat kuvataiteen, teatterin ja tanssin opetustiloja. Kuva: Hannu Rytky<\/figcaption>\n      <\/div>\n      <div class=\"col-lg-8\">\n        <p><strong>Suunnittelusta ja toteutuksesta palkittiin:<\/strong><\/p>\n<p><strong>Rakennuttaja:<\/strong> Veritas El\u00e4kevakuutus<br \/>\n<strong>K\u00e4ytt\u00e4j\u00e4:<\/strong> Taideyliopisto<br \/>\n<strong>Arkkitehti- ja sisustussuunnittelu:<\/strong> JKMM Arkkitehdit Oy<br \/>\n<strong>Rakennesuunnittelu:<\/strong> Vahanen Suunnittelupalvelut Oy<br \/>\n<strong>KVR P\u00e4\u00e4urakoitsija:<\/strong> Lujatalo Oy<\/p>\n      <\/div>\n    <\/div>\n  <\/div>\n<\/div><div class='container'>\n\n\n<h3 class=\"wp-block-heading\">Vuoden betonirakenne 2021 tuomaristo:<\/h3>\n\n\n\n<p>Toimitusjohtaja, Jussi Mattila, Betoniteollisuus ry, tuomariston puheenjohtaja<br>Arkkitehti SAFA, Kimmo Lintula, Suomen Arkkitehtiliitto SAFA<br>Rakennusarkkitehti RIA, Mika Suihko, Rakennusinsin\u00f6\u00f6rit ja -arkkitehdit RIA<br>Dipl.ins., Pekka Talaskivi, RIL ry<br>Dipl.ins., Mirva Vuori, Suomen Betoniyhdistys ry<br>P\u00e4\u00e4toimittaja, Tapio Kivist\u00f6, Rakennuslehti<br>P\u00e4\u00e4toimittaja, arkkitehti SAFA, Maritta Koivisto, Betoniteollisuus ry, Betoni-lehti, tuomariston avustaja<\/p>\n\n\n\n<h3 class=\"wp-block-heading\">Lis\u00e4tietoja: <\/h3>\n\n\n\n<p><strong><a href=\"http:\/\/www.betoni.com\" target=\"_blank\" rel=\"noreferrer noopener\">www.betoni.com<\/a><\/strong><\/p>\n\n\n\n<h3 class=\"wp-block-heading\">Vuoden 2021 Betonirakenne-ehdokkaat:<\/h3>\n\n\n\n<p>Tikkurilan kirkko \u2013 Arkkitehtitoimisto OOPEAA<br>Portus, Helsinki &#8211; Arkkitehtiryhm\u00e4 A6<br>Scandic Grand Central-hotellin laajennus ja korjausosa, Helsinki &#8211; Arkkitehtitoimisto<br>Futudesign Oy (laajennusosa) ja Soini &amp; Horto Oy (korjausosa)<br>Taideyliopiston Mylly, Helsinki \u2013 JKMM Arkkitehdit Oy<br>Matinkyl\u00e4n j\u00e4\u00e4halli, Espoo \u2013 arkMILL<br>KOy Infracity, Turku \u2013 Sigge Arkkitehdit Oy<br>Monikon koulu, Espoo \u2013 Arkkitehtitoimisto Perko<br>Atlantinsilta, Helsinki \u2013 WSP Finland Oy<br>Kuopion museon peruskorjaus ja laajennus &#8211; Arkkitehdit Davidsson Tarkela Oy<\/p>\n","protected":false},"excerpt":{"rendered":"<p>\u201dPalkittu rakennus edustaa uudenlaista rohkeata tarkoituksenmukaisuuden arkkitehtuuria. Uusi estetiikka l\u00e4htee kest\u00e4vyydest\u00e4 ja siit\u00e4, ett\u00e4 yhdell\u00e4 materiaalilla, t\u00e4ss\u00e4 tapauksessa betonilla, luodaan tilat, tekstuurit ja rakennetaan samalla runko tulevaisuuden sallivilla j\u00e4nnev\u00e4leill\u00e4. Kun muotit on purettu \u2013 se on siin\u00e4 \u2013 kerralla tehty tuleviksi ajoiksi \u2013 rouhea kasvualusta taiteen iduille \u2013 ja samalla itsess\u00e4\u00e4n v\u00e4kev\u00e4\u201d, kiteytti Kimmo Lintula, arkkitehti SAFA, tuomariston perustelut. Kohde on esitelty laajasti my\u00f6s Betoni 3-2021 lehdess\u00e4, ss. 10\u201329.<\/p>\n","protected":false},"author":3,"featured_media":21076,"comment_status":"closed","ping_status":"closed","sticky":false,"template":"","format":"standard","meta":{"_acf_changed":false,"footnotes":""},"categories":[3],"tags":[42,47,69],"class_list":["post-21075","post","type-post","status-publish","format-standard","has-post-thumbnail","hentry","category-rakennukset","tag-arkkitehtisuunnittelu","tag-betonirakentaminen","tag-kilpailut"],"acf":[],"yoast_head":"<!-- This site is optimized with the Yoast SEO plugin v27.2 - https:\/\/yoast.com\/product\/yoast-seo-wordpress\/ -->\n<title>Vuoden 2021 Betonirakenne: Taideyliopiston Mylly \u2013 tehtiin kest\u00e4v\u00e4ksi - Betoni-lehti<\/title>\n<meta name=\"robots\" content=\"index, follow, max-snippet:-1, max-image-preview:large, max-video-preview:-1\" \/>\n<link rel=\"canonical\" href=\"https:\/\/betoni.com\/lehti\/2022\/06\/02\/vuoden-2021-betonirakenne-taideyliopiston-mylly-tehtiin-kestavaksi\/\" \/>\n<meta property=\"og:locale\" content=\"fi_FI\" \/>\n<meta property=\"og:type\" content=\"article\" \/>\n<meta property=\"og:title\" content=\"Vuoden 2021 Betonirakenne: Taideyliopiston Mylly \u2013 tehtiin kest\u00e4v\u00e4ksi - Betoni-lehti\" \/>\n<meta property=\"og:description\" content=\"\u201dPalkittu rakennus edustaa uudenlaista rohkeata tarkoituksenmukaisuuden arkkitehtuuria. Uusi estetiikka l\u00e4htee kest\u00e4vyydest\u00e4 ja siit\u00e4, ett\u00e4 yhdell\u00e4 materiaalilla, t\u00e4ss\u00e4 tapauksessa betonilla, luodaan tilat, tekstuurit ja rakennetaan samalla runko tulevaisuuden sallivilla j\u00e4nnev\u00e4leill\u00e4. Kun muotit on purettu \u2013 se on siin\u00e4 \u2013 kerralla tehty tuleviksi ajoiksi \u2013 rouhea kasvualusta taiteen iduille \u2013 ja samalla itsess\u00e4\u00e4n v\u00e4kev\u00e4\u201d, kiteytti Kimmo Lintula, arkkitehti SAFA, tuomariston perustelut. Kohde on esitelty laajasti my\u00f6s Betoni 3-2021 lehdess\u00e4, ss. 10\u201329.\" \/>\n<meta property=\"og:url\" content=\"https:\/\/betoni.com\/lehti\/2022\/06\/02\/vuoden-2021-betonirakenne-taideyliopiston-mylly-tehtiin-kestavaksi\/\" \/>\n<meta property=\"og:site_name\" content=\"Betoni-lehti\" \/>\n<meta property=\"article:published_time\" content=\"2022-06-02T08:50:00+00:00\" \/>\n<meta property=\"article:modified_time\" content=\"2022-06-22T07:17:48+00:00\" \/>\n<meta property=\"og:image\" content=\"https:\/\/betoni.com\/lehti\/wp-content\/uploads\/sites\/4\/2022\/06\/Taideyliopiston-Mylly_16_1920x1080px-768x432.jpg\" \/>\n\t<meta property=\"og:image:width\" content=\"768\" \/>\n\t<meta property=\"og:image:height\" content=\"432\" \/>\n\t<meta property=\"og:image:type\" content=\"image\/jpeg\" \/>\n<meta name=\"author\" content=\"Nina Loisalo\" \/>\n<meta name=\"twitter:card\" content=\"summary_large_image\" \/>\n<meta name=\"twitter:label1\" content=\"Written by\" \/>\n\t<meta name=\"twitter:data1\" content=\"Nina Loisalo\" \/>\n\t<meta name=\"twitter:label2\" content=\"Est. reading time\" \/>\n\t<meta name=\"twitter:data2\" content=\"6 minuuttia\" \/>\n<script type=\"application\/ld+json\" class=\"yoast-schema-graph\">{\"@context\":\"https:\/\/schema.org\",\"@graph\":[{\"@type\":\"Article\",\"@id\":\"https:\/\/betoni.com\/lehti\/2022\/06\/02\/vuoden-2021-betonirakenne-taideyliopiston-mylly-tehtiin-kestavaksi\/#article\",\"isPartOf\":{\"@id\":\"https:\/\/betoni.com\/lehti\/2022\/06\/02\/vuoden-2021-betonirakenne-taideyliopiston-mylly-tehtiin-kestavaksi\/\"},\"author\":{\"name\":\"Nina Loisalo\",\"@id\":\"https:\/\/betoni.com\/lehti\/#\/schema\/person\/48daa047cb90360f16de566098506c35\"},\"headline\":\"Vuoden 2021 Betonirakenne: Taideyliopiston Mylly \u2013 tehtiin kest\u00e4v\u00e4ksi\",\"datePublished\":\"2022-06-02T08:50:00+00:00\",\"dateModified\":\"2022-06-22T07:17:48+00:00\",\"mainEntityOfPage\":{\"@id\":\"https:\/\/betoni.com\/lehti\/2022\/06\/02\/vuoden-2021-betonirakenne-taideyliopiston-mylly-tehtiin-kestavaksi\/\"},\"wordCount\":928,\"image\":{\"@id\":\"https:\/\/betoni.com\/lehti\/2022\/06\/02\/vuoden-2021-betonirakenne-taideyliopiston-mylly-tehtiin-kestavaksi\/#primaryimage\"},\"thumbnailUrl\":\"https:\/\/betoni.com\/lehti\/wp-content\/uploads\/sites\/4\/2022\/06\/Taideyliopiston-Mylly_16_1920x1080px.jpg\",\"keywords\":[\"arkkitehtisuunnittelu\",\"betonirakentaminen\",\"kilpailut\"],\"articleSection\":[\"Rakennukset\"],\"inLanguage\":\"fi\"},{\"@type\":\"WebPage\",\"@id\":\"https:\/\/betoni.com\/lehti\/2022\/06\/02\/vuoden-2021-betonirakenne-taideyliopiston-mylly-tehtiin-kestavaksi\/\",\"url\":\"https:\/\/betoni.com\/lehti\/2022\/06\/02\/vuoden-2021-betonirakenne-taideyliopiston-mylly-tehtiin-kestavaksi\/\",\"name\":\"Vuoden 2021 Betonirakenne: Taideyliopiston Mylly \u2013 tehtiin kest\u00e4v\u00e4ksi - Betoni-lehti\",\"isPartOf\":{\"@id\":\"https:\/\/betoni.com\/lehti\/#website\"},\"primaryImageOfPage\":{\"@id\":\"https:\/\/betoni.com\/lehti\/2022\/06\/02\/vuoden-2021-betonirakenne-taideyliopiston-mylly-tehtiin-kestavaksi\/#primaryimage\"},\"image\":{\"@id\":\"https:\/\/betoni.com\/lehti\/2022\/06\/02\/vuoden-2021-betonirakenne-taideyliopiston-mylly-tehtiin-kestavaksi\/#primaryimage\"},\"thumbnailUrl\":\"https:\/\/betoni.com\/lehti\/wp-content\/uploads\/sites\/4\/2022\/06\/Taideyliopiston-Mylly_16_1920x1080px.jpg\",\"datePublished\":\"2022-06-02T08:50:00+00:00\",\"dateModified\":\"2022-06-22T07:17:48+00:00\",\"author\":{\"@id\":\"https:\/\/betoni.com\/lehti\/#\/schema\/person\/48daa047cb90360f16de566098506c35\"},\"breadcrumb\":{\"@id\":\"https:\/\/betoni.com\/lehti\/2022\/06\/02\/vuoden-2021-betonirakenne-taideyliopiston-mylly-tehtiin-kestavaksi\/#breadcrumb\"},\"inLanguage\":\"fi\",\"potentialAction\":[{\"@type\":\"ReadAction\",\"target\":[\"https:\/\/betoni.com\/lehti\/2022\/06\/02\/vuoden-2021-betonirakenne-taideyliopiston-mylly-tehtiin-kestavaksi\/\"]}]},{\"@type\":\"ImageObject\",\"inLanguage\":\"fi\",\"@id\":\"https:\/\/betoni.com\/lehti\/2022\/06\/02\/vuoden-2021-betonirakenne-taideyliopiston-mylly-tehtiin-kestavaksi\/#primaryimage\",\"url\":\"https:\/\/betoni.com\/lehti\/wp-content\/uploads\/sites\/4\/2022\/06\/Taideyliopiston-Mylly_16_1920x1080px.jpg\",\"contentUrl\":\"https:\/\/betoni.com\/lehti\/wp-content\/uploads\/sites\/4\/2022\/06\/Taideyliopiston-Mylly_16_1920x1080px.jpg\",\"width\":1920,\"height\":1080},{\"@type\":\"BreadcrumbList\",\"@id\":\"https:\/\/betoni.com\/lehti\/2022\/06\/02\/vuoden-2021-betonirakenne-taideyliopiston-mylly-tehtiin-kestavaksi\/#breadcrumb\",\"itemListElement\":[{\"@type\":\"ListItem\",\"position\":1,\"name\":\"Home\",\"item\":\"https:\/\/betoni.com\/lehti\/\"},{\"@type\":\"ListItem\",\"position\":2,\"name\":\"Vuoden 2021 Betonirakenne: Taideyliopiston Mylly \u2013 tehtiin kest\u00e4v\u00e4ksi\"}]},{\"@type\":\"WebSite\",\"@id\":\"https:\/\/betoni.com\/lehti\/#website\",\"url\":\"https:\/\/betoni.com\/lehti\/\",\"name\":\"Betoni-lehti\",\"description\":\"Betoni ry:n verkkolehti\",\"potentialAction\":[{\"@type\":\"SearchAction\",\"target\":{\"@type\":\"EntryPoint\",\"urlTemplate\":\"https:\/\/betoni.com\/lehti\/?s={search_term_string}\"},\"query-input\":{\"@type\":\"PropertyValueSpecification\",\"valueRequired\":true,\"valueName\":\"search_term_string\"}}],\"inLanguage\":\"fi\"},{\"@type\":\"Person\",\"@id\":\"https:\/\/betoni.com\/lehti\/#\/schema\/person\/48daa047cb90360f16de566098506c35\",\"name\":\"Nina Loisalo\",\"url\":\"https:\/\/betoni.com\/lehti\/author\/nina-loisalorakennusteollisuus-fi\/\"}]}<\/script>\n<!-- \/ Yoast SEO plugin. -->","yoast_head_json":{"title":"Vuoden 2021 Betonirakenne: Taideyliopiston Mylly \u2013 tehtiin kest\u00e4v\u00e4ksi - Betoni-lehti","robots":{"index":"index","follow":"follow","max-snippet":"max-snippet:-1","max-image-preview":"max-image-preview:large","max-video-preview":"max-video-preview:-1"},"canonical":"https:\/\/betoni.com\/lehti\/2022\/06\/02\/vuoden-2021-betonirakenne-taideyliopiston-mylly-tehtiin-kestavaksi\/","og_locale":"fi_FI","og_type":"article","og_title":"Vuoden 2021 Betonirakenne: Taideyliopiston Mylly \u2013 tehtiin kest\u00e4v\u00e4ksi - Betoni-lehti","og_description":"\u201dPalkittu rakennus edustaa uudenlaista rohkeata tarkoituksenmukaisuuden arkkitehtuuria. Uusi estetiikka l\u00e4htee kest\u00e4vyydest\u00e4 ja siit\u00e4, ett\u00e4 yhdell\u00e4 materiaalilla, t\u00e4ss\u00e4 tapauksessa betonilla, luodaan tilat, tekstuurit ja rakennetaan samalla runko tulevaisuuden sallivilla j\u00e4nnev\u00e4leill\u00e4. Kun muotit on purettu \u2013 se on siin\u00e4 \u2013 kerralla tehty tuleviksi ajoiksi \u2013 rouhea kasvualusta taiteen iduille \u2013 ja samalla itsess\u00e4\u00e4n v\u00e4kev\u00e4\u201d, kiteytti Kimmo Lintula, arkkitehti SAFA, tuomariston perustelut. Kohde on esitelty laajasti my\u00f6s Betoni 3-2021 lehdess\u00e4, ss. 10\u201329.","og_url":"https:\/\/betoni.com\/lehti\/2022\/06\/02\/vuoden-2021-betonirakenne-taideyliopiston-mylly-tehtiin-kestavaksi\/","og_site_name":"Betoni-lehti","article_published_time":"2022-06-02T08:50:00+00:00","article_modified_time":"2022-06-22T07:17:48+00:00","og_image":[{"width":768,"height":432,"url":"https:\/\/betoni.com\/lehti\/wp-content\/uploads\/sites\/4\/2022\/06\/Taideyliopiston-Mylly_16_1920x1080px-768x432.jpg","type":"image\/jpeg"}],"author":"Nina Loisalo","twitter_card":"summary_large_image","twitter_misc":{"Written by":"Nina Loisalo","Est. reading time":"6 minuuttia"},"schema":{"@context":"https:\/\/schema.org","@graph":[{"@type":"Article","@id":"https:\/\/betoni.com\/lehti\/2022\/06\/02\/vuoden-2021-betonirakenne-taideyliopiston-mylly-tehtiin-kestavaksi\/#article","isPartOf":{"@id":"https:\/\/betoni.com\/lehti\/2022\/06\/02\/vuoden-2021-betonirakenne-taideyliopiston-mylly-tehtiin-kestavaksi\/"},"author":{"name":"Nina Loisalo","@id":"https:\/\/betoni.com\/lehti\/#\/schema\/person\/48daa047cb90360f16de566098506c35"},"headline":"Vuoden 2021 Betonirakenne: Taideyliopiston Mylly \u2013 tehtiin kest\u00e4v\u00e4ksi","datePublished":"2022-06-02T08:50:00+00:00","dateModified":"2022-06-22T07:17:48+00:00","mainEntityOfPage":{"@id":"https:\/\/betoni.com\/lehti\/2022\/06\/02\/vuoden-2021-betonirakenne-taideyliopiston-mylly-tehtiin-kestavaksi\/"},"wordCount":928,"image":{"@id":"https:\/\/betoni.com\/lehti\/2022\/06\/02\/vuoden-2021-betonirakenne-taideyliopiston-mylly-tehtiin-kestavaksi\/#primaryimage"},"thumbnailUrl":"https:\/\/betoni.com\/lehti\/wp-content\/uploads\/sites\/4\/2022\/06\/Taideyliopiston-Mylly_16_1920x1080px.jpg","keywords":["arkkitehtisuunnittelu","betonirakentaminen","kilpailut"],"articleSection":["Rakennukset"],"inLanguage":"fi"},{"@type":"WebPage","@id":"https:\/\/betoni.com\/lehti\/2022\/06\/02\/vuoden-2021-betonirakenne-taideyliopiston-mylly-tehtiin-kestavaksi\/","url":"https:\/\/betoni.com\/lehti\/2022\/06\/02\/vuoden-2021-betonirakenne-taideyliopiston-mylly-tehtiin-kestavaksi\/","name":"Vuoden 2021 Betonirakenne: Taideyliopiston Mylly \u2013 tehtiin kest\u00e4v\u00e4ksi - Betoni-lehti","isPartOf":{"@id":"https:\/\/betoni.com\/lehti\/#website"},"primaryImageOfPage":{"@id":"https:\/\/betoni.com\/lehti\/2022\/06\/02\/vuoden-2021-betonirakenne-taideyliopiston-mylly-tehtiin-kestavaksi\/#primaryimage"},"image":{"@id":"https:\/\/betoni.com\/lehti\/2022\/06\/02\/vuoden-2021-betonirakenne-taideyliopiston-mylly-tehtiin-kestavaksi\/#primaryimage"},"thumbnailUrl":"https:\/\/betoni.com\/lehti\/wp-content\/uploads\/sites\/4\/2022\/06\/Taideyliopiston-Mylly_16_1920x1080px.jpg","datePublished":"2022-06-02T08:50:00+00:00","dateModified":"2022-06-22T07:17:48+00:00","author":{"@id":"https:\/\/betoni.com\/lehti\/#\/schema\/person\/48daa047cb90360f16de566098506c35"},"breadcrumb":{"@id":"https:\/\/betoni.com\/lehti\/2022\/06\/02\/vuoden-2021-betonirakenne-taideyliopiston-mylly-tehtiin-kestavaksi\/#breadcrumb"},"inLanguage":"fi","potentialAction":[{"@type":"ReadAction","target":["https:\/\/betoni.com\/lehti\/2022\/06\/02\/vuoden-2021-betonirakenne-taideyliopiston-mylly-tehtiin-kestavaksi\/"]}]},{"@type":"ImageObject","inLanguage":"fi","@id":"https:\/\/betoni.com\/lehti\/2022\/06\/02\/vuoden-2021-betonirakenne-taideyliopiston-mylly-tehtiin-kestavaksi\/#primaryimage","url":"https:\/\/betoni.com\/lehti\/wp-content\/uploads\/sites\/4\/2022\/06\/Taideyliopiston-Mylly_16_1920x1080px.jpg","contentUrl":"https:\/\/betoni.com\/lehti\/wp-content\/uploads\/sites\/4\/2022\/06\/Taideyliopiston-Mylly_16_1920x1080px.jpg","width":1920,"height":1080},{"@type":"BreadcrumbList","@id":"https:\/\/betoni.com\/lehti\/2022\/06\/02\/vuoden-2021-betonirakenne-taideyliopiston-mylly-tehtiin-kestavaksi\/#breadcrumb","itemListElement":[{"@type":"ListItem","position":1,"name":"Home","item":"https:\/\/betoni.com\/lehti\/"},{"@type":"ListItem","position":2,"name":"Vuoden 2021 Betonirakenne: Taideyliopiston Mylly \u2013 tehtiin kest\u00e4v\u00e4ksi"}]},{"@type":"WebSite","@id":"https:\/\/betoni.com\/lehti\/#website","url":"https:\/\/betoni.com\/lehti\/","name":"Betoni-lehti","description":"Betoni ry:n verkkolehti","potentialAction":[{"@type":"SearchAction","target":{"@type":"EntryPoint","urlTemplate":"https:\/\/betoni.com\/lehti\/?s={search_term_string}"},"query-input":{"@type":"PropertyValueSpecification","valueRequired":true,"valueName":"search_term_string"}}],"inLanguage":"fi"},{"@type":"Person","@id":"https:\/\/betoni.com\/lehti\/#\/schema\/person\/48daa047cb90360f16de566098506c35","name":"Nina Loisalo","url":"https:\/\/betoni.com\/lehti\/author\/nina-loisalorakennusteollisuus-fi\/"}]}},"_links":{"self":[{"href":"https:\/\/betoni.com\/lehti\/wp-json\/wp\/v2\/posts\/21075","targetHints":{"allow":["GET"]}}],"collection":[{"href":"https:\/\/betoni.com\/lehti\/wp-json\/wp\/v2\/posts"}],"about":[{"href":"https:\/\/betoni.com\/lehti\/wp-json\/wp\/v2\/types\/post"}],"author":[{"embeddable":true,"href":"https:\/\/betoni.com\/lehti\/wp-json\/wp\/v2\/users\/3"}],"replies":[{"embeddable":true,"href":"https:\/\/betoni.com\/lehti\/wp-json\/wp\/v2\/comments?post=21075"}],"version-history":[{"count":0,"href":"https:\/\/betoni.com\/lehti\/wp-json\/wp\/v2\/posts\/21075\/revisions"}],"wp:featuredmedia":[{"embeddable":true,"href":"https:\/\/betoni.com\/lehti\/wp-json\/wp\/v2\/media\/21076"}],"wp:attachment":[{"href":"https:\/\/betoni.com\/lehti\/wp-json\/wp\/v2\/media?parent=21075"}],"wp:term":[{"taxonomy":"category","embeddable":true,"href":"https:\/\/betoni.com\/lehti\/wp-json\/wp\/v2\/categories?post=21075"},{"taxonomy":"post_tag","embeddable":true,"href":"https:\/\/betoni.com\/lehti\/wp-json\/wp\/v2\/tags?post=21075"}],"curies":[{"name":"wp","href":"https:\/\/api.w.org\/{rel}","templated":true}]}}