{"id":22679,"date":"2021-06-04T12:20:00","date_gmt":"2021-06-04T09:20:00","guid":{"rendered":"https:\/\/betoni.com\/lehti\/?p=22679"},"modified":"2022-11-22T14:44:56","modified_gmt":"2022-11-22T12:44:56","slug":"lahti-sai-betonisen-kylan-portin","status":"publish","type":"post","link":"https:\/\/betoni.com\/lehti\/2021\/06\/04\/lahti-sai-betonisen-kylan-portin\/","title":{"rendered":"Lahti sai betonisen \u201dKyl\u00e4n Portin\u201d"},"content":{"rendered":"\n<p>Kyl\u00e4n portti -ehdotus voitti ensimm\u00e4isen sijan Lahden kaupungin vuonna 2020 j\u00e4rjest\u00e4m\u00e4ss\u00e4 taidekilpailussa. Viiskulman aukiolle haettiin kilpailussa el\u00e4myksellist\u00e4 elementti\u00e4, joka opastaa l\u00e4heisyydess\u00e4 sijaitsevaan Lahden visuaalisten taiteiden museo Malvaan. Suunnittelukilpailussa teoksen ymp\u00e4rist\u00f6yst\u00e4v\u00e4llisyys oli my\u00f6s t\u00e4rke\u00e4 kriteeri.<\/p>\n\n\n\n<p>Teos tutkii ihmisen suhdetta rakentamaansa kaupunkiymp\u00e4rist\u00f6\u00f6n, sek\u00e4 luonnon roolia t\u00e4ss\u00e4 n\u00e4kym\u00e4ss\u00e4. Portti kyteytyy ymp\u00e4r\u00f6iv\u00e4\u00e4n kaupunkirakenteeseen ja toimii erilaisia tiloja rajaavana elementtin\u00e4. Samalla teos rakentaa dialogisen yhteyden rakennetun ymp\u00e4rist\u00f6n ja Olavi Lanun luontoon sulautuvan sanattoman veistotaiteen kanssa.<\/p>\n\n\n\n<p>Teos on 6 metri\u00e4 korkea, 10 metri\u00e4 leve\u00e4 ja painaa yli 50 tonnia. Se on valmistettu tehtaalla kuudesta elementist\u00e4, joiden pintaa on eri tavoin \u201dkulutettu\u201d ja rikottu. V\u00e4rj\u00e4yksess\u00e4 on k\u00e4ytetty Umbra-patinamenetelm\u00e4\u00e4 s\u00e4vykk\u00e4\u00e4n punaruskean v\u00e4rin aikaansaamiseksi.<\/p>\n\n\n\n<p>Teos toteutettiin yhteisty\u00f6ss\u00e4 Vihdin Betonin ja Betonipallaksen kanssa, joilla kummallakin on pitk\u00e4 kokemus ja yhteisty\u00f6 taideteosten ja muiden esteettisesti vaativien betonirakenteiden toteuttajana. Teoksen muotit valmistettiin vanerista ja sen \u201drikkoutuneet\u201d kohdat toteutettiin polystyreenist\u00e4 muotoilluilla kappaleilla. Teoksessa kierr\u00e4tettiin muusta betonituotannosta ylij\u00e4\u00e4neit\u00e4 betonikappaleita, joita voi n\u00e4hd\u00e4 my\u00f6s teoksen pinnassa.<\/p>\n\n\n\n<p>Pintahidastimina kokeiltiin erilaisia sokeripitoisia nesteit\u00e4, kuten Coca Colaa, jolla saatiin luotua vaikutelma kuluneisuudesta. Valun yl\u00e4pinta painepestiin ennen betonin kovettumista, jolloin my\u00f6s siihen saatiin el\u00e4v\u00e4\u00e4 vaihtelua.<\/p>\n\n\n<\/div><div class=\"image-gallery 9197411\">\n    <div class=\"container\">\n        <div class=\"row\">\n            <div class=\"col-12\">\n                <p class=\"title\">Kuvagalleria<\/p>\n            <\/div>\n            <div class=\"col-12 image-gallery-grid \">\n\n                                                    <div>\n                                                <img decoding=\"async\" class=\"image \"\n                                                    src=\"https:\/\/betoni.com\/lehti\/wp-content\/uploads\/sites\/4\/2021\/06\/Kylan-Portti-kuva_Pertti_Kukkonen_980x1307px.jpg\"\n                                                    alt=\"Teos asennettiin maan alle j\u00e4\u00e4v\u00e4lle anturalle kiinnitt\u00e4m\u00e4ll\u00e4 ne pilarikengill\u00e4. Alueelle asennetaan nupukiveys, joka tulee kiinni pilareihin. Kuva: Pertti Kukkonen\" key=\"0\" \/>\n                                                                                    <\/div>\n                                                    <div>\n                                                <img decoding=\"async\" class=\"image \"\n                                                    src=\"https:\/\/betoni.com\/lehti\/wp-content\/uploads\/sites\/4\/2021\/06\/Kylan-Portti-kuva_Pertti_Kukkonen_1445x813px.jpg\"\n                                                    alt=\"Kyl\u00e4n Portti-teos sijaitsee Lahden Viiskulman aukiolla ja se opastaa l\u00e4heisyydess\u00e4 sijaitsevaan Lahden visuaalisten taiteiden museo Malvaan. Kuva: Pertti Kukkonen\" key=\"1\" \/>\n                                                                                    <\/div>\n                                                    <div>\n                                                <img decoding=\"async\" class=\"image \"\n                                                    src=\"https:\/\/betoni.com\/lehti\/wp-content\/uploads\/sites\/4\/2021\/06\/Kylan-Portti-kuva_Pertti_Kukkonen_1712x963px.jpg\"\n                                                    alt=\"Kierr\u00e4tysbetonista valmistettu taideteos valettiin Nummelassa styroksista ja vanerista tehtyihin muotteihin. Kyl\u00e4n portti on reilut kuusi metri\u00e4 korkea ja painaa yli 50 tonnia. Kuva: Pertti Kukkonen\" key=\"2\" \/>\n                                                                                    <\/div>\n                                                    <div class=\"plus-other-images\">\n                                                <img decoding=\"async\" class=\"image \"\n                                                    src=\"https:\/\/betoni.com\/lehti\/wp-content\/uploads\/sites\/4\/2021\/06\/Kylan-Portti-kuva_Pertti_Kukkonen_967x659px.jpg\"\n                                                    alt=\"Kierr\u00e4tysbetonista valmistettu taideteos valettiin Nummelassa styroksista ja vanerista tehtyihin muotteihin. Kyl\u00e4n portti on reilut kuusi metri\u00e4 korkea ja painaa yli 50 tonniaMuottiin aseteltiin styroksimuotoja, joista j\u00e4i betoniin syvennys. Erilaisilla pinnanrikkomisilla toteutettiin ik\u00e4\u00e4ntynyt vaikutelma. Vivahteikas v\u00e4rimaailma syntyi \u201dUmbra-patinointimenetelm\u00e4ll\u00e4\u201d, joka ei peit\u00e4 betonin pintaa vaan j\u00e4tt\u00e4\u00e4 sen materiaalisuuden n\u00e4kyviin. Kuva: Pertti Kukkonen\" key=\"3\" \/>\n                                                                                                    <span class=\"plus-other-images-overlay\">\n                                                        +2                                                    <\/span>\n                                                                                    <\/div>\n                            <\/div>\n        <\/div>\n    <\/div>\n    <div class=\"gallery-popup\">\n        <div class=\"container-fluid\">\n            <div class=\"row\">\n                <div class=\"col-md-8\">\n                    <div class=\"w-100 position-relative\">\n                        <button class=\"button-image button-image-prev\">\n                            <img decoding=\"async\" src=\"https:\/\/betoni.com\/lehti\/wp-content\/themes\/pt-betoni-theme\/assets\/images\/ic-chevron-left.svg\" \/>\n                        <\/button>\n                        <button class=\"button-image button-image-next\">\n                            <img decoding=\"async\" src=\"https:\/\/betoni.com\/lehti\/wp-content\/themes\/pt-betoni-theme\/assets\/images\/ic-chevron-right.svg\" \/>\n                        <\/button>\n                    <\/div>\n                    <div class=\"row title-row\">\n                        <div class=\"col-8\">\n                            <p class=\"alt_text\">Teos asennettiin maan alle j\u00e4\u00e4v\u00e4lle anturalle kiinnitt\u00e4m\u00e4ll\u00e4 ne pilarikengill\u00e4. Alueelle asennetaan nupukiveys, joka tulee kiinni pilareihin. Kuva: Pertti Kukkonen<\/p>\n                        <\/div>\n                        <div class=\"col-4\">\n                            <a class=\"close-gallery\">X<\/a>\n                        <\/div>\n                    <\/div>\n                    <img decoding=\"async\" class=\"gallery-image\" src=\"https:\/\/betoni.com\/lehti\/wp-content\/uploads\/sites\/4\/2021\/06\/Kylan-Portti-kuva_Pertti_Kukkonen_980x1307px.jpg\" alt=\"Teos asennettiin maan alle j\u00e4\u00e4v\u00e4lle anturalle kiinnitt\u00e4m\u00e4ll\u00e4 ne pilarikengill\u00e4. Alueelle asennetaan nupukiveys, joka tulee kiinni pilareihin. Kuva: Pertti Kukkonen\" \/>\n                <\/div>\n                <div class=\"col-md-4\">\n                    <div class=\"gallery-sidebar\">\n                                                    <img decoding=\"async\" class=\"sidebar-image\" src=\"https:\/\/betoni.com\/lehti\/wp-content\/uploads\/sites\/4\/2021\/06\/Kylan-Portti-kuva_Pertti_Kukkonen_980x1307px.jpg\" alt=\"Teos asennettiin maan alle j\u00e4\u00e4v\u00e4lle anturalle kiinnitt\u00e4m\u00e4ll\u00e4 ne pilarikengill\u00e4. Alueelle asennetaan nupukiveys, joka tulee kiinni pilareihin. Kuva: Pertti Kukkonen\" key=\"0\" \/>\n                                                    <img decoding=\"async\" class=\"sidebar-image\" src=\"https:\/\/betoni.com\/lehti\/wp-content\/uploads\/sites\/4\/2021\/06\/Kylan-Portti-kuva_Pertti_Kukkonen_1445x813px.jpg\" alt=\"Kyl\u00e4n Portti-teos sijaitsee Lahden Viiskulman aukiolla ja se opastaa l\u00e4heisyydess\u00e4 sijaitsevaan Lahden visuaalisten taiteiden museo Malvaan. Kuva: Pertti Kukkonen\" key=\"1\" \/>\n                                                    <img decoding=\"async\" class=\"sidebar-image\" src=\"https:\/\/betoni.com\/lehti\/wp-content\/uploads\/sites\/4\/2021\/06\/Kylan-Portti-kuva_Pertti_Kukkonen_1712x963px.jpg\" alt=\"Kierr\u00e4tysbetonista valmistettu taideteos valettiin Nummelassa styroksista ja vanerista tehtyihin muotteihin. Kyl\u00e4n portti on reilut kuusi metri\u00e4 korkea ja painaa yli 50 tonnia. Kuva: Pertti Kukkonen\" key=\"2\" \/>\n                                                    <img decoding=\"async\" class=\"sidebar-image\" src=\"https:\/\/betoni.com\/lehti\/wp-content\/uploads\/sites\/4\/2021\/06\/Kylan-Portti-kuva_Pertti_Kukkonen_967x659px.jpg\" alt=\"Kierr\u00e4tysbetonista valmistettu taideteos valettiin Nummelassa styroksista ja vanerista tehtyihin muotteihin. Kyl\u00e4n portti on reilut kuusi metri\u00e4 korkea ja painaa yli 50 tonniaMuottiin aseteltiin styroksimuotoja, joista j\u00e4i betoniin syvennys. Erilaisilla pinnanrikkomisilla toteutettiin ik\u00e4\u00e4ntynyt vaikutelma. Vivahteikas v\u00e4rimaailma syntyi \u201dUmbra-patinointimenetelm\u00e4ll\u00e4\u201d, joka ei peit\u00e4 betonin pintaa vaan j\u00e4tt\u00e4\u00e4 sen materiaalisuuden n\u00e4kyviin. Kuva: Pertti Kukkonen\" key=\"3\" \/>\n                                                    <img decoding=\"async\" class=\"sidebar-image\" src=\"https:\/\/betoni.com\/lehti\/wp-content\/uploads\/sites\/4\/2021\/06\/Kylan-Portti-kuva_Pertti_Kukkonen_982x669px.jpg\" alt=\"Erilaisilla k\u00e4sittelymenetelmill\u00e4 ja -aineilla saatiin ilmeik\u00e4s lopputulos. Kuva: Pertti Kukkonen\" key=\"4\" \/>\n                                                    <img decoding=\"async\" class=\"sidebar-image\" src=\"https:\/\/betoni.com\/lehti\/wp-content\/uploads\/sites\/4\/2021\/06\/Kylan-Portti-kuva_Pertti_Kukkonen_982x669px_02.jpg\" alt=\"Erilaisilla k\u00e4sittelymenetelmill\u00e4 ja -aineilla saatiin ilmeik\u00e4s lopputulos. Kuva: Pertti Kukkonen\" key=\"5\" \/>\n                                            <\/div>\n                <\/div>\n            <\/div>\n        <\/div>\n    <\/div>\n<\/div>\n\n<script>\n    jQuery(document).ready(() => {\n        jQuery('.image-gallery.9197411 .gallery-popup').hide();\n        jQuery('.image-gallery.9197411 .image').click((e) => {\n            jQuery('.image-gallery.9197411 .gallery-popup .alt_text').html(jQuery(e.target).attr('alt'));\n            jQuery('.image-gallery.9197411 .gallery-popup .gallery-image').attr('alt', jQuery(e.target).attr('alt'));\n            jQuery('.image-gallery.9197411 .gallery-popup .gallery-image').attr('src', jQuery(e.target).attr('src'));\n            jQuery('.image-gallery.9197411 .gallery-popup').show();\n            currentImage = jQuery(e.target).attr('key');\n        })\n        jQuery('.image-gallery.9197411 .gallery-popup .sidebar-image').click((e) => {\n            jQuery('.image-gallery.9197411 .gallery-popup .alt_text').html(jQuery(e.target).attr('alt'));\n            jQuery('.image-gallery.9197411 .gallery-popup .gallery-image').attr('alt', jQuery(e.target).attr('alt'));\n            jQuery('.image-gallery.9197411 .gallery-popup .gallery-image').attr('src', jQuery(e.target).attr('src'));\n            currentImage = jQuery(e.target).attr('key');\n        })\n        jQuery('.image-gallery.9197411 .gallery-popup .close-gallery').click(() => {\n            jQuery('.image-gallery.9197411 .gallery-popup').hide();\n        })\n\n        var theImages = [{\"alt_text\":\"Teos asennettiin maan alle j\\u00e4\\u00e4v\\u00e4lle anturalle kiinnitt\\u00e4m\\u00e4ll\\u00e4 ne pilarikengill\\u00e4. Alueelle asennetaan nupukiveys, joka tulee kiinni pilareihin. Kuva: Pertti Kukkonen\",\"image\":\"https:\\\/\\\/betoni.com\\\/lehti\\\/wp-content\\\/uploads\\\/sites\\\/4\\\/2021\\\/06\\\/Kylan-Portti-kuva_Pertti_Kukkonen_980x1307px.jpg\"},{\"alt_text\":\"Kyl\\u00e4n Portti-teos sijaitsee Lahden Viiskulman aukiolla ja se opastaa l\\u00e4heisyydess\\u00e4 sijaitsevaan Lahden visuaalisten taiteiden museo Malvaan. Kuva: Pertti Kukkonen\",\"image\":\"https:\\\/\\\/betoni.com\\\/lehti\\\/wp-content\\\/uploads\\\/sites\\\/4\\\/2021\\\/06\\\/Kylan-Portti-kuva_Pertti_Kukkonen_1445x813px.jpg\"},{\"alt_text\":\"Kierr\\u00e4tysbetonista valmistettu taideteos valettiin Nummelassa styroksista ja vanerista tehtyihin muotteihin. Kyl\\u00e4n portti on reilut kuusi metri\\u00e4 korkea ja painaa yli 50 tonnia. Kuva: Pertti Kukkonen\",\"image\":\"https:\\\/\\\/betoni.com\\\/lehti\\\/wp-content\\\/uploads\\\/sites\\\/4\\\/2021\\\/06\\\/Kylan-Portti-kuva_Pertti_Kukkonen_1712x963px.jpg\"},{\"alt_text\":\"Kierr\\u00e4tysbetonista valmistettu taideteos valettiin Nummelassa styroksista ja vanerista tehtyihin muotteihin. Kyl\\u00e4n portti on reilut kuusi metri\\u00e4 korkea ja painaa yli 50 tonniaMuottiin aseteltiin styroksimuotoja, joista j\\u00e4i betoniin syvennys. Erilaisilla pinnanrikkomisilla toteutettiin ik\\u00e4\\u00e4ntynyt vaikutelma. Vivahteikas v\\u00e4rimaailma syntyi \\u201dUmbra-patinointimenetelm\\u00e4ll\\u00e4\\u201d, joka ei peit\\u00e4 betonin pintaa vaan j\\u00e4tt\\u00e4\\u00e4 sen materiaalisuuden n\\u00e4kyviin. Kuva: Pertti Kukkonen\",\"image\":\"https:\\\/\\\/betoni.com\\\/lehti\\\/wp-content\\\/uploads\\\/sites\\\/4\\\/2021\\\/06\\\/Kylan-Portti-kuva_Pertti_Kukkonen_967x659px.jpg\"},{\"alt_text\":\"Erilaisilla k\\u00e4sittelymenetelmill\\u00e4 ja -aineilla saatiin ilmeik\\u00e4s lopputulos. Kuva: Pertti Kukkonen\",\"image\":\"https:\\\/\\\/betoni.com\\\/lehti\\\/wp-content\\\/uploads\\\/sites\\\/4\\\/2021\\\/06\\\/Kylan-Portti-kuva_Pertti_Kukkonen_982x669px.jpg\"},{\"alt_text\":\"Erilaisilla k\\u00e4sittelymenetelmill\\u00e4 ja -aineilla saatiin ilmeik\\u00e4s lopputulos. Kuva: Pertti Kukkonen\",\"image\":\"https:\\\/\\\/betoni.com\\\/lehti\\\/wp-content\\\/uploads\\\/sites\\\/4\\\/2021\\\/06\\\/Kylan-Portti-kuva_Pertti_Kukkonen_982x669px_02.jpg\"}];\n        var currentImage = 0;\n\n        jQuery('.image-gallery.9197411 .gallery-popup .button-image-next').click(() => {\n            if (currentImage < theImages.length - 1) {\n                currentImage++;\n            } else {\n                currentImage = 0;\n            }\n            changeImage();\n        })\n        jQuery('.image-gallery.9197411 .gallery-popup .button-image-prev').click(() => {\n            if (currentImage > 0) {\n                currentImage--;\n            } else {\n                currentImage = theImages.length - 1;\n            }\n            changeImage();\n        })\n\n        function changeImage() {\n            jQuery('.image-gallery.9197411 .gallery-popup .alt_text').html(theImages[currentImage].alt_text);\n            jQuery('.image-gallery.9197411 .gallery-popup .gallery-image').attr('alt', theImages[currentImage].alt_text);\n            jQuery('.image-gallery.9197411 .gallery-popup .gallery-image').attr('src', theImages[currentImage].image);\n        }\n\n        document.onkeydown = function(event) {\n            switch (event.keyCode) {\n                case 27: \/\/ ESC closes popup\n                    jQuery('.image-gallery .gallery-popup').hide();\n                    break;\n                case 37:\n                    jQuery('.image-gallery .gallery-popup .button-image-prev').click();\n                    break;\n                case 39:\n                    jQuery('.image-gallery .gallery-popup .button-image-next').click();\n                    break;\n            }\n        };\n    })\n<\/script>\n<style>\n  .plus-other-images {position:relative;cursor:pointer;}\n.plus-other-images img {opacity: 0.5;filter:grayscale(100%);}\n.plus-other-images-overlay {display: block;position: absolute;top: 50%;left: 50%;transform: translate(-50%, -50%);color: #000;font-size: 4em;font-weight: 600;pointer-events: none;z-index: 2;text-shadow: 2px 2px 2px rgba(0,0,0,0.15);}\n.gallery-popup .button-image {z-index: 3;}\n<\/style>\n<div class='container'>\n\n<\/div><div class=\"kohde-info\">\n  <div class=\"left-layer-kohde-info\"><\/div>\n  <div class=\"container\">\n    <div class=\"row\">\n      <div class=\"col-lg-12 kohde-otsikko\">\n        <h2>Kyl\u00e4n portti<\/h2>\n      <\/div>\n    <\/div>\n    <div class=\"row\">\n      <div class=\"col-lg-4 kohde-kuva\">\n        <img decoding=\"async\" src=\"https:\/\/betoni.com\/lehti\/wp-content\/uploads\/sites\/4\/2022\/11\/Kylan-Portti-kuva_Pertti_Kukkonen_980x1271px.jpg\" class=\"w-100\" alt=\"Kyl\u00e4n portti\">\n        <figcaption class=\"image_extratext\">Kuva: Pertti Kukkonen<\/figcaption>\n      <\/div>\n      <div class=\"col-lg-8\">\n        <p><strong>Osoite:<\/strong> Viiskulman aukio, Lahti<br \/>\n<strong>Tilaaja:<\/strong> Lahden Kaupunki<br \/>\n<strong>Suunnittelu:<\/strong> Akseli Leinonen<br \/>\n<strong>Rakennesuunnitelmat:<\/strong> Akseli Rosqvist<br \/>\n<strong>Elementtien valmistus ja asennus:<\/strong> Vihdin Betoni Oy<br \/>\n<strong>Urakointi ja betonikonsultointi:<\/strong> Pertti Kukkonen\/ Betonipallas Oy<\/p>\n      <\/div>\n    <\/div>\n  <\/div>\n<\/div><div class='container'>","protected":false},"excerpt":{"rendered":"<p>Lahden kaupungin vuonna 2020 j\u00e4rjest\u00e4m\u00e4n taidekilpailun voitti Akseli Leinosen ehdotus \u201dKyl\u00e4n Portti\u201d. Sen valmistus ja asennus toteutui harvinaisen nopeasti ja jo toukokuussa 2021 teos pystytettiin Lahden Viiskulman aukiolle.<\/p>\n","protected":false},"author":3,"featured_media":22680,"comment_status":"closed","ping_status":"closed","sticky":false,"template":"","format":"standard","meta":{"_acf_changed":false,"footnotes":""},"categories":[20],"tags":[38,69],"class_list":["post-22679","post","type-post","status-publish","format-standard","has-post-thumbnail","hentry","category-betonitaide","tag-betonitaide","tag-kilpailut"],"acf":[],"yoast_head":"<!-- This site is optimized with the Yoast SEO plugin v27.2 - https:\/\/yoast.com\/product\/yoast-seo-wordpress\/ -->\n<title>Lahti sai betonisen \u201dKyl\u00e4n Portin\u201d - Betoni-lehti<\/title>\n<meta name=\"robots\" content=\"index, follow, max-snippet:-1, max-image-preview:large, max-video-preview:-1\" \/>\n<link rel=\"canonical\" href=\"https:\/\/betoni.com\/lehti\/2021\/06\/04\/lahti-sai-betonisen-kylan-portin\/\" \/>\n<meta property=\"og:locale\" content=\"fi_FI\" \/>\n<meta property=\"og:type\" content=\"article\" \/>\n<meta property=\"og:title\" content=\"Lahti sai betonisen \u201dKyl\u00e4n Portin\u201d - Betoni-lehti\" \/>\n<meta property=\"og:description\" content=\"Lahden kaupungin vuonna 2020 j\u00e4rjest\u00e4m\u00e4n taidekilpailun voitti Akseli Leinosen ehdotus \u201dKyl\u00e4n Portti\u201d. Sen valmistus ja asennus toteutui harvinaisen nopeasti ja jo toukokuussa 2021 teos pystytettiin Lahden Viiskulman aukiolle.\" \/>\n<meta property=\"og:url\" content=\"https:\/\/betoni.com\/lehti\/2021\/06\/04\/lahti-sai-betonisen-kylan-portin\/\" \/>\n<meta property=\"og:site_name\" content=\"Betoni-lehti\" \/>\n<meta property=\"article:published_time\" content=\"2021-06-04T09:20:00+00:00\" \/>\n<meta property=\"article:modified_time\" content=\"2022-11-22T12:44:56+00:00\" \/>\n<meta property=\"og:image\" content=\"https:\/\/betoni.com\/lehti\/wp-content\/uploads\/sites\/4\/2022\/11\/Kylan-Portti-kuva_Pertti_Kukkonen_1920x1080px.jpg\" \/>\n\t<meta property=\"og:image:width\" content=\"1920\" \/>\n\t<meta property=\"og:image:height\" content=\"1080\" \/>\n\t<meta property=\"og:image:type\" content=\"image\/jpeg\" \/>\n<meta name=\"author\" content=\"Nina Loisalo\" \/>\n<meta name=\"twitter:card\" content=\"summary_large_image\" \/>\n<meta name=\"twitter:label1\" content=\"Written by\" \/>\n\t<meta name=\"twitter:data1\" content=\"Nina Loisalo\" \/>\n\t<meta name=\"twitter:label2\" content=\"Est. reading time\" \/>\n\t<meta name=\"twitter:data2\" content=\"2 minuuttia\" \/>\n<script type=\"application\/ld+json\" class=\"yoast-schema-graph\">{\"@context\":\"https:\/\/schema.org\",\"@graph\":[{\"@type\":\"Article\",\"@id\":\"https:\/\/betoni.com\/lehti\/2021\/06\/04\/lahti-sai-betonisen-kylan-portin\/#article\",\"isPartOf\":{\"@id\":\"https:\/\/betoni.com\/lehti\/2021\/06\/04\/lahti-sai-betonisen-kylan-portin\/\"},\"author\":{\"name\":\"Nina Loisalo\",\"@id\":\"https:\/\/betoni.com\/lehti\/#\/schema\/person\/48daa047cb90360f16de566098506c35\"},\"headline\":\"Lahti sai betonisen \u201dKyl\u00e4n Portin\u201d\",\"datePublished\":\"2021-06-04T09:20:00+00:00\",\"dateModified\":\"2022-11-22T12:44:56+00:00\",\"mainEntityOfPage\":{\"@id\":\"https:\/\/betoni.com\/lehti\/2021\/06\/04\/lahti-sai-betonisen-kylan-portin\/\"},\"wordCount\":215,\"image\":{\"@id\":\"https:\/\/betoni.com\/lehti\/2021\/06\/04\/lahti-sai-betonisen-kylan-portin\/#primaryimage\"},\"thumbnailUrl\":\"https:\/\/betoni.com\/lehti\/wp-content\/uploads\/sites\/4\/2022\/11\/Kylan-Portti-kuva_Pertti_Kukkonen_1920x1080px.jpg\",\"keywords\":[\"betonitaide\",\"kilpailut\"],\"articleSection\":[\"Betonitaide\"],\"inLanguage\":\"fi\"},{\"@type\":\"WebPage\",\"@id\":\"https:\/\/betoni.com\/lehti\/2021\/06\/04\/lahti-sai-betonisen-kylan-portin\/\",\"url\":\"https:\/\/betoni.com\/lehti\/2021\/06\/04\/lahti-sai-betonisen-kylan-portin\/\",\"name\":\"Lahti sai betonisen \u201dKyl\u00e4n Portin\u201d - Betoni-lehti\",\"isPartOf\":{\"@id\":\"https:\/\/betoni.com\/lehti\/#website\"},\"primaryImageOfPage\":{\"@id\":\"https:\/\/betoni.com\/lehti\/2021\/06\/04\/lahti-sai-betonisen-kylan-portin\/#primaryimage\"},\"image\":{\"@id\":\"https:\/\/betoni.com\/lehti\/2021\/06\/04\/lahti-sai-betonisen-kylan-portin\/#primaryimage\"},\"thumbnailUrl\":\"https:\/\/betoni.com\/lehti\/wp-content\/uploads\/sites\/4\/2022\/11\/Kylan-Portti-kuva_Pertti_Kukkonen_1920x1080px.jpg\",\"datePublished\":\"2021-06-04T09:20:00+00:00\",\"dateModified\":\"2022-11-22T12:44:56+00:00\",\"author\":{\"@id\":\"https:\/\/betoni.com\/lehti\/#\/schema\/person\/48daa047cb90360f16de566098506c35\"},\"breadcrumb\":{\"@id\":\"https:\/\/betoni.com\/lehti\/2021\/06\/04\/lahti-sai-betonisen-kylan-portin\/#breadcrumb\"},\"inLanguage\":\"fi\",\"potentialAction\":[{\"@type\":\"ReadAction\",\"target\":[\"https:\/\/betoni.com\/lehti\/2021\/06\/04\/lahti-sai-betonisen-kylan-portin\/\"]}]},{\"@type\":\"ImageObject\",\"inLanguage\":\"fi\",\"@id\":\"https:\/\/betoni.com\/lehti\/2021\/06\/04\/lahti-sai-betonisen-kylan-portin\/#primaryimage\",\"url\":\"https:\/\/betoni.com\/lehti\/wp-content\/uploads\/sites\/4\/2022\/11\/Kylan-Portti-kuva_Pertti_Kukkonen_1920x1080px.jpg\",\"contentUrl\":\"https:\/\/betoni.com\/lehti\/wp-content\/uploads\/sites\/4\/2022\/11\/Kylan-Portti-kuva_Pertti_Kukkonen_1920x1080px.jpg\",\"width\":1920,\"height\":1080},{\"@type\":\"BreadcrumbList\",\"@id\":\"https:\/\/betoni.com\/lehti\/2021\/06\/04\/lahti-sai-betonisen-kylan-portin\/#breadcrumb\",\"itemListElement\":[{\"@type\":\"ListItem\",\"position\":1,\"name\":\"Home\",\"item\":\"https:\/\/betoni.com\/lehti\/\"},{\"@type\":\"ListItem\",\"position\":2,\"name\":\"Lahti sai betonisen \u201dKyl\u00e4n Portin\u201d\"}]},{\"@type\":\"WebSite\",\"@id\":\"https:\/\/betoni.com\/lehti\/#website\",\"url\":\"https:\/\/betoni.com\/lehti\/\",\"name\":\"Betoni-lehti\",\"description\":\"Betoni ry:n verkkolehti\",\"potentialAction\":[{\"@type\":\"SearchAction\",\"target\":{\"@type\":\"EntryPoint\",\"urlTemplate\":\"https:\/\/betoni.com\/lehti\/?s={search_term_string}\"},\"query-input\":{\"@type\":\"PropertyValueSpecification\",\"valueRequired\":true,\"valueName\":\"search_term_string\"}}],\"inLanguage\":\"fi\"},{\"@type\":\"Person\",\"@id\":\"https:\/\/betoni.com\/lehti\/#\/schema\/person\/48daa047cb90360f16de566098506c35\",\"name\":\"Nina Loisalo\",\"url\":\"https:\/\/betoni.com\/lehti\/author\/nina-loisalorakennusteollisuus-fi\/\"}]}<\/script>\n<!-- \/ Yoast SEO plugin. -->","yoast_head_json":{"title":"Lahti sai betonisen \u201dKyl\u00e4n Portin\u201d - Betoni-lehti","robots":{"index":"index","follow":"follow","max-snippet":"max-snippet:-1","max-image-preview":"max-image-preview:large","max-video-preview":"max-video-preview:-1"},"canonical":"https:\/\/betoni.com\/lehti\/2021\/06\/04\/lahti-sai-betonisen-kylan-portin\/","og_locale":"fi_FI","og_type":"article","og_title":"Lahti sai betonisen \u201dKyl\u00e4n Portin\u201d - Betoni-lehti","og_description":"Lahden kaupungin vuonna 2020 j\u00e4rjest\u00e4m\u00e4n taidekilpailun voitti Akseli Leinosen ehdotus \u201dKyl\u00e4n Portti\u201d. Sen valmistus ja asennus toteutui harvinaisen nopeasti ja jo toukokuussa 2021 teos pystytettiin Lahden Viiskulman aukiolle.","og_url":"https:\/\/betoni.com\/lehti\/2021\/06\/04\/lahti-sai-betonisen-kylan-portin\/","og_site_name":"Betoni-lehti","article_published_time":"2021-06-04T09:20:00+00:00","article_modified_time":"2022-11-22T12:44:56+00:00","og_image":[{"width":1920,"height":1080,"url":"https:\/\/betoni.com\/lehti\/wp-content\/uploads\/sites\/4\/2022\/11\/Kylan-Portti-kuva_Pertti_Kukkonen_1920x1080px.jpg","type":"image\/jpeg"}],"author":"Nina Loisalo","twitter_card":"summary_large_image","twitter_misc":{"Written by":"Nina Loisalo","Est. reading time":"2 minuuttia"},"schema":{"@context":"https:\/\/schema.org","@graph":[{"@type":"Article","@id":"https:\/\/betoni.com\/lehti\/2021\/06\/04\/lahti-sai-betonisen-kylan-portin\/#article","isPartOf":{"@id":"https:\/\/betoni.com\/lehti\/2021\/06\/04\/lahti-sai-betonisen-kylan-portin\/"},"author":{"name":"Nina Loisalo","@id":"https:\/\/betoni.com\/lehti\/#\/schema\/person\/48daa047cb90360f16de566098506c35"},"headline":"Lahti sai betonisen \u201dKyl\u00e4n Portin\u201d","datePublished":"2021-06-04T09:20:00+00:00","dateModified":"2022-11-22T12:44:56+00:00","mainEntityOfPage":{"@id":"https:\/\/betoni.com\/lehti\/2021\/06\/04\/lahti-sai-betonisen-kylan-portin\/"},"wordCount":215,"image":{"@id":"https:\/\/betoni.com\/lehti\/2021\/06\/04\/lahti-sai-betonisen-kylan-portin\/#primaryimage"},"thumbnailUrl":"https:\/\/betoni.com\/lehti\/wp-content\/uploads\/sites\/4\/2022\/11\/Kylan-Portti-kuva_Pertti_Kukkonen_1920x1080px.jpg","keywords":["betonitaide","kilpailut"],"articleSection":["Betonitaide"],"inLanguage":"fi"},{"@type":"WebPage","@id":"https:\/\/betoni.com\/lehti\/2021\/06\/04\/lahti-sai-betonisen-kylan-portin\/","url":"https:\/\/betoni.com\/lehti\/2021\/06\/04\/lahti-sai-betonisen-kylan-portin\/","name":"Lahti sai betonisen \u201dKyl\u00e4n Portin\u201d - Betoni-lehti","isPartOf":{"@id":"https:\/\/betoni.com\/lehti\/#website"},"primaryImageOfPage":{"@id":"https:\/\/betoni.com\/lehti\/2021\/06\/04\/lahti-sai-betonisen-kylan-portin\/#primaryimage"},"image":{"@id":"https:\/\/betoni.com\/lehti\/2021\/06\/04\/lahti-sai-betonisen-kylan-portin\/#primaryimage"},"thumbnailUrl":"https:\/\/betoni.com\/lehti\/wp-content\/uploads\/sites\/4\/2022\/11\/Kylan-Portti-kuva_Pertti_Kukkonen_1920x1080px.jpg","datePublished":"2021-06-04T09:20:00+00:00","dateModified":"2022-11-22T12:44:56+00:00","author":{"@id":"https:\/\/betoni.com\/lehti\/#\/schema\/person\/48daa047cb90360f16de566098506c35"},"breadcrumb":{"@id":"https:\/\/betoni.com\/lehti\/2021\/06\/04\/lahti-sai-betonisen-kylan-portin\/#breadcrumb"},"inLanguage":"fi","potentialAction":[{"@type":"ReadAction","target":["https:\/\/betoni.com\/lehti\/2021\/06\/04\/lahti-sai-betonisen-kylan-portin\/"]}]},{"@type":"ImageObject","inLanguage":"fi","@id":"https:\/\/betoni.com\/lehti\/2021\/06\/04\/lahti-sai-betonisen-kylan-portin\/#primaryimage","url":"https:\/\/betoni.com\/lehti\/wp-content\/uploads\/sites\/4\/2022\/11\/Kylan-Portti-kuva_Pertti_Kukkonen_1920x1080px.jpg","contentUrl":"https:\/\/betoni.com\/lehti\/wp-content\/uploads\/sites\/4\/2022\/11\/Kylan-Portti-kuva_Pertti_Kukkonen_1920x1080px.jpg","width":1920,"height":1080},{"@type":"BreadcrumbList","@id":"https:\/\/betoni.com\/lehti\/2021\/06\/04\/lahti-sai-betonisen-kylan-portin\/#breadcrumb","itemListElement":[{"@type":"ListItem","position":1,"name":"Home","item":"https:\/\/betoni.com\/lehti\/"},{"@type":"ListItem","position":2,"name":"Lahti sai betonisen \u201dKyl\u00e4n Portin\u201d"}]},{"@type":"WebSite","@id":"https:\/\/betoni.com\/lehti\/#website","url":"https:\/\/betoni.com\/lehti\/","name":"Betoni-lehti","description":"Betoni ry:n verkkolehti","potentialAction":[{"@type":"SearchAction","target":{"@type":"EntryPoint","urlTemplate":"https:\/\/betoni.com\/lehti\/?s={search_term_string}"},"query-input":{"@type":"PropertyValueSpecification","valueRequired":true,"valueName":"search_term_string"}}],"inLanguage":"fi"},{"@type":"Person","@id":"https:\/\/betoni.com\/lehti\/#\/schema\/person\/48daa047cb90360f16de566098506c35","name":"Nina Loisalo","url":"https:\/\/betoni.com\/lehti\/author\/nina-loisalorakennusteollisuus-fi\/"}]}},"_links":{"self":[{"href":"https:\/\/betoni.com\/lehti\/wp-json\/wp\/v2\/posts\/22679","targetHints":{"allow":["GET"]}}],"collection":[{"href":"https:\/\/betoni.com\/lehti\/wp-json\/wp\/v2\/posts"}],"about":[{"href":"https:\/\/betoni.com\/lehti\/wp-json\/wp\/v2\/types\/post"}],"author":[{"embeddable":true,"href":"https:\/\/betoni.com\/lehti\/wp-json\/wp\/v2\/users\/3"}],"replies":[{"embeddable":true,"href":"https:\/\/betoni.com\/lehti\/wp-json\/wp\/v2\/comments?post=22679"}],"version-history":[{"count":0,"href":"https:\/\/betoni.com\/lehti\/wp-json\/wp\/v2\/posts\/22679\/revisions"}],"wp:featuredmedia":[{"embeddable":true,"href":"https:\/\/betoni.com\/lehti\/wp-json\/wp\/v2\/media\/22680"}],"wp:attachment":[{"href":"https:\/\/betoni.com\/lehti\/wp-json\/wp\/v2\/media?parent=22679"}],"wp:term":[{"taxonomy":"category","embeddable":true,"href":"https:\/\/betoni.com\/lehti\/wp-json\/wp\/v2\/categories?post=22679"},{"taxonomy":"post_tag","embeddable":true,"href":"https:\/\/betoni.com\/lehti\/wp-json\/wp\/v2\/tags?post=22679"}],"curies":[{"name":"wp","href":"https:\/\/api.w.org\/{rel}","templated":true}]}}