{"id":23215,"date":"2022-12-08T17:20:04","date_gmt":"2022-12-08T15:20:04","guid":{"rendered":"https:\/\/betoni.com\/lehti\/?p=23215"},"modified":"2022-12-08T17:22:45","modified_gmt":"2022-12-08T15:22:45","slug":"koko-korttelin-veistoksellinen-omenapiha","status":"publish","type":"post","link":"https:\/\/betoni.com\/lehti\/2022\/12\/08\/koko-korttelin-veistoksellinen-omenapiha\/","title":{"rendered":"Koko korttelin veistoksellinen Omenapiha"},"content":{"rendered":"\n<p>Korttelipihan rakennuksista yksi on 12-kerroksinen tornitalo Asunto Oy Espoon Alesia. Viisikerroksiset rakennukset ovat Asunto Oy Espoon Pinova, Luuna ja Silva. Westpro CC Oy:n rakennuttamien talojen yhteiskerrosala on noin 20 000 k-m<sup>2<\/sup>.<\/p>\n\n\n\n<p>Piha toteutettiin vaiheissa: Alesia ja Luunan tontit valmistuivat 2014, Silva valmistui 2015 ja Pinova 2017.<\/p>\n\n\n\n<p>Kortteli on suunniteltu luontevasti yhteisen, suojaisan pihakannen ymp\u00e4rille. Gullichsen Vormala Arkkitehdit Ky, p\u00e4\u00e4suunnittelijana <em>Timo Vormala<\/em>, on suunnitellut kadun suuntaan vankan, muurimaisen punatiilijulkisivun. Sis\u00e4pihan keveit\u00e4 julkisivuja s\u00e4vytt\u00e4v\u00e4t lasi, puu ja metalli sek\u00e4 suuret parvekkeet.<\/p>\n\n\n\n<p>Korttelin yhteiset oleskelu- ja leikkialueet sijaitsevat l\u00e4hes 120 metri\u00e4 pitk\u00e4ll\u00e4 ja paikoin 50 metri\u00e4 leve\u00e4ll\u00e4 piha-alueella. Pihan runsaasti kukkivat pienpuut, kivetyt kulkuv\u00e4yl\u00e4t, muurit ja kumpuilevaksi muotoiltu viherkentt\u00e4 luovat mielikuvan asukkaiden yksityisest\u00e4 puistosta.<\/p>\n\n\n\n<p>Pihan suunnittelusta vastasi Loci maisema-arkkitehdit Oy.<\/p>\n\n\n\n<p>Omenapihan suunnittelun tavoitteena oli luoda veistoksellinen, avara ja tilallisesti pihan kokoava korttelipuisto, jolle pihatoiminnot saatiin sijoitettua luontevasti.<\/p>\n\n\n\n<p>Pihan v\u00e4rit ovat mustanharmaa ja vihre\u00e4. Punatiilisten korttelijulkisivujen s\u00e4vymaailma korostuu kasvillisuuden syysv\u00e4reiss\u00e4. Maaston veistoksellinen muotoilu toteutettiin kevennettyjen kasvualustarakenteiden avulla.<\/p>\n\n\n\n<p>Avoimen tilan kasvillisuus on p\u00e4\u00e4osin matalia pensaista ja maanpeitekasveja sek\u00e4 yksitt\u00e4isi\u00e4 runkopuita, kuten muuan muassa omenapuita.<\/p>\n\n\n\n<figure class=\"wp-block-image size-full\"><img loading=\"lazy\" decoding=\"async\" width=\"1920\" height=\"1080\" src=\"https:\/\/betoni.com\/lehti\/wp-content\/uploads\/sites\/4\/2022\/12\/Olari_omenapiha_asuinkorttelipiha_kuva_Julia-Weckman_1920x1080px.jpg\" alt=\"\" class=\"wp-image-23225\" srcset=\"https:\/\/betoni.com\/lehti\/wp-content\/uploads\/sites\/4\/2022\/12\/Olari_omenapiha_asuinkorttelipiha_kuva_Julia-Weckman_1920x1080px.jpg 1920w, https:\/\/betoni.com\/lehti\/wp-content\/uploads\/sites\/4\/2022\/12\/Olari_omenapiha_asuinkorttelipiha_kuva_Julia-Weckman_1920x1080px-800x450.jpg 800w, https:\/\/betoni.com\/lehti\/wp-content\/uploads\/sites\/4\/2022\/12\/Olari_omenapiha_asuinkorttelipiha_kuva_Julia-Weckman_1920x1080px-300x169.jpg 300w, https:\/\/betoni.com\/lehti\/wp-content\/uploads\/sites\/4\/2022\/12\/Olari_omenapiha_asuinkorttelipiha_kuva_Julia-Weckman_1920x1080px-768x432.jpg 768w, https:\/\/betoni.com\/lehti\/wp-content\/uploads\/sites\/4\/2022\/12\/Olari_omenapiha_asuinkorttelipiha_kuva_Julia-Weckman_1920x1080px-1536x864.jpg 1536w\" sizes=\"auto, (max-width: 1920px) 100vw, 1920px\" \/><figcaption>Omenapiha on paitsi viihtyis\u00e4 oleskelupiha, my\u00f6s pihalle avautuvien asuntojen puistomainen maisema. Kuva: Julia Weckman<\/figcaption><\/figure>\n\n\n\n<h3 class=\"wp-block-heading\">Alla laaja pys\u00e4k\u00f6intihalli<\/h3>\n\n\n\n<p>Omenapiha on l\u00e4hes kokonaan rakennettu taloyhti\u00f6iden maanp\u00e4\u00e4llisen pys\u00e4k\u00f6intihallin katolle. Pys\u00e4k\u00f6intihallissa on autopaikkoja, joista osaan kuuluu my\u00f6s varastotilaa.<\/p>\n\n\n\n<p>Johtava suunnittelija <em>Pia Kuusiniemi<\/em> Loci maisema-arkkitehdit Oy:st\u00e4 kertoo, ett\u00e4 Omenapihan koko johtuu Espoon autopaikkanormista. Loci maisema-arkkitehtien suunnittelemia samankaltaisia laajoja korttelipuistokansia Espoossa ovat muun muassa my\u00f6s Revontulija Mets\u00e4tapiola -korttelipihat.<\/p>\n\n\n\n<p>\u201dOn tietysti j\u00e4rjet\u00f6nt\u00e4, ett\u00e4 auto mitoittaa pihaa, mutta suurissa pys\u00e4k\u00f6intikansiratkaisuissa on hyv\u00e4tkin puolensa\u201d, h\u00e4n sanoo. Niiden my\u00f6t\u00e4 suurkortteleissa pihoista tulee avaria ja valoisia. \u201dNykytrendin mukainen pys\u00e4k\u00f6intitalojen rakentaminen voi vied\u00e4 taloista pihat kokonaan, kun pihan minimikokoa ei mitoita mik\u00e4\u00e4n. \u00c4\u00e4rimm\u00e4isen ahtailla, valottomilla kuilupihoilla on v\u00e4h\u00e4n tilaa kasvillisuudelle, ja varsinkin talvikunnossapito on haastavaa. Asumisen kannalta avara kansipiha voi olla silloin jopa parempi ratkaisu.\u201d<\/p>\n\n\n\n<p>Teknisin\u00e4 erikoisrakenteina kansipihat ovat haastavia suunnitella ja kalliita toteuttaa. Pelk\u00e4st\u00e4\u00e4n vesien johtaminen suurilla kansipihoilla vaatii erityist\u00e4 paneutumista. Ilman kunnollisia tulvareittej\u00e4 ongelmat voivat lis\u00e4\u00e4nty\u00e4 voimakkaiden vesisateiden yleistyess\u00e4 ilmastonmuutoksen my\u00f6t\u00e4. \u201dNormaali maanpintahan ei koskaan ole tasainen, mutta kansipihasta meinaa helposti tulla, jos rakennusten lattiakorko on kaikissa asunnoissa sama. T\u00e4ll\u00f6in luontevia tulvimisreittej\u00e4 ovat hyvin haastavaa saada kannelle,\u201d Kuusiniemi sanoo.<\/p>\n\n\n\n<p>Omenapihaa ymp\u00e4r\u00f6ivist\u00e4 rakennuksista tornitalo Alesia sijaitsee kuitenkin hieman muita korkeammalla.<\/p>\n\n\n\n<p>Omenapihan kannella kallistukset oli suunniteltava huolella veden riitt\u00e4v\u00e4n virtaaman takaamiseksi. \u201dRIL 126-2020 rakennuspohjan ja tonttialueen kuivatus -ohjeen mukaan pihan kallistuksen tulee minimiss\u00e4\u00e4n olla kaksi prosenttia. Jos kallistus teht\u00e4isiin Omenapihan kokoisella pihalla yhteen suuntaan, korkeusero olisi toista metri\u00e4\u201d, Kuusiniemi huomauttaa.<\/p>\n\n\n\n<p>Omenapihan kallistukset suuntautuvat poisp\u00e4in rakennuksista kannen keskiosaa kohti. Vaihtelevapohjainen koururakenne valuttaa veden kaivoja kohti.<\/p>\n\n\n\n<p>Tulvareitti on portaassa lounaiskulmassa Pinovan ja Luunan v\u00e4liss\u00e4.<\/p>\n\n\n\n<p>Omenapihalla on n\u00e4ytt\u00e4v\u00e4, kumpuileva nurmikko. Maaston muotoilun ja kasvivalinnan avulla laajalle piha-alueelle tehtiin sis\u00e4pihalle antavista ikkunoista ja parvekkeilta avautuva keinomaisema.<\/p>\n\n\n\n<p>Maisemaa el\u00e4v\u00f6itt\u00e4vien nurmipeitteisten kumpujen avulla pihalle saatiin Kuusiniemen mukaan luotua er\u00e4\u00e4nlainen suojaava syli.<\/p>\n\n\n\n<p>Pihakannelle tulevat kevennysrakenteet pyrittiin optimoimaan huolella. Puistoon rajautuvassa osassa Omenapihan kannen vieress\u00e4 t\u00e4ytt\u00f6j\u00e4 tarvittiin siirtym\u00e4rakenteeksi est\u00e4m\u00e4\u00e4n pihan painuminen vastaisuudessa. Kevennysrakenne toteutettiin vaahtolasilla. Sit\u00e4 on kevennysrakenteena my\u00f6s nurmip\u00e4\u00e4llysteisiss\u00e4 kummuissa.<\/p>\n\n\n\n<figure class=\"wp-block-image size-full\"><img loading=\"lazy\" decoding=\"async\" width=\"1920\" height=\"1080\" src=\"https:\/\/betoni.com\/lehti\/wp-content\/uploads\/sites\/4\/2022\/12\/Olari_omenapiha_asuinkorttelipiha_kuva_Julia-Weckman_1920x1080px_02.jpg\" alt=\"\" class=\"wp-image-23228\" srcset=\"https:\/\/betoni.com\/lehti\/wp-content\/uploads\/sites\/4\/2022\/12\/Olari_omenapiha_asuinkorttelipiha_kuva_Julia-Weckman_1920x1080px_02.jpg 1920w, https:\/\/betoni.com\/lehti\/wp-content\/uploads\/sites\/4\/2022\/12\/Olari_omenapiha_asuinkorttelipiha_kuva_Julia-Weckman_1920x1080px_02-800x450.jpg 800w, https:\/\/betoni.com\/lehti\/wp-content\/uploads\/sites\/4\/2022\/12\/Olari_omenapiha_asuinkorttelipiha_kuva_Julia-Weckman_1920x1080px_02-300x169.jpg 300w, https:\/\/betoni.com\/lehti\/wp-content\/uploads\/sites\/4\/2022\/12\/Olari_omenapiha_asuinkorttelipiha_kuva_Julia-Weckman_1920x1080px_02-768x432.jpg 768w, https:\/\/betoni.com\/lehti\/wp-content\/uploads\/sites\/4\/2022\/12\/Olari_omenapiha_asuinkorttelipiha_kuva_Julia-Weckman_1920x1080px_02-1536x864.jpg 1536w\" sizes=\"auto, (max-width: 1920px) 100vw, 1920px\" \/><figcaption>Omenapihan kiveyksien siksak-kuvio on toteutettu Rudus Oy:n harmaalla ja mustalla Luostarikivell\u00e4. Kuva: Julia Weckman<\/figcaption><\/figure>\n\n\n\n<h3 class=\"wp-block-heading\">Helppohoitoinen kokonaisuus<\/h3>\n\n\n\n<p>Kuusiniemi sanoo, ett\u00e4 nykyiseen suunnittelufilosofiaan ei en\u00e4\u00e4 sovi laajojen, ammattimaista hoitoa, lannoittamista, kastelua ja leikkaamista edellytt\u00e4vien nurmikoiden asentaminen.<\/p>\n\n\n\n<p>\u201dOmenapihan nurmikon voi kuitenkin antaa k\u00f6yhty\u00e4 ja kasvaa hein\u00e4lle, jos yhti\u00f6iss\u00e4 halutaan siirty\u00e4 luonnonmukaisempaan pihanhoitoon. Silloin lyhyeksi ajellaan vain varsinaiset k\u00e4ytt\u00f6alueet.\u201d<\/p>\n\n\n\n<p>Omenapihan suunnittelun l\u00e4ht\u00f6kohtana oli helppohoitoisuus. Siksi materiaaliksi valittiin nurmikko, joka on varustettu sadetusj\u00e4rjestelm\u00e4ll\u00e4. Verrattuna kitkett\u00e4viin perenna- ja pensasalueisiin nurmikko on yhti\u00f6lle helpompi ja halvempi hoitaa n\u00e4in suurina pinta-aloina.<\/p>\n\n\n\n<p>Jotta vesieristys olisi aikanaan mahdollisimman helposti korjattavissa, pihalla ei ole laajoja muureja ja muita painavia rakenteita vaan helposti ja edullisesti palautettava nurmipinta.<\/p>\n\n\n\n<p>Pihan kulkureitti on leve\u00e4 k\u00e4yt\u00e4v\u00e4, sill\u00e4 kannella on pelastustie. Kansi on mitoitettu kest\u00e4m\u00e4\u00e4n paloauto. Kiveyksen\u00e4 on k\u00e4ytetty muun muassa Ruduksen harmaata ja mustaa Luostarikive\u00e4. Koko piha sis\u00e4\u00e4nk\u00e4ynteineen on esteet\u00f6n.<\/p>\n\n\n\n<p>Pihan katseenvangitsijoita ovat p\u00e4\u00e4sis\u00e4\u00e4nk\u00e4ynnin vieress\u00e4 sijaitseva pergola ja melulta suojaavat rakennetut istutusaltaat sen vierell\u00e4. Oleskelualueen vieress\u00e4 sijaitsee vesiallas, sekin kannella.<\/p>\n\n\n\n<figure class=\"wp-block-image size-full\"><img loading=\"lazy\" decoding=\"async\" width=\"1920\" height=\"1080\" src=\"https:\/\/betoni.com\/lehti\/wp-content\/uploads\/sites\/4\/2022\/12\/Olari_omenapiha_asuinkorttelipiha_kuva_Julia-Weckman_1920x1080px_03.jpg\" alt=\"\" class=\"wp-image-23232\" srcset=\"https:\/\/betoni.com\/lehti\/wp-content\/uploads\/sites\/4\/2022\/12\/Olari_omenapiha_asuinkorttelipiha_kuva_Julia-Weckman_1920x1080px_03.jpg 1920w, https:\/\/betoni.com\/lehti\/wp-content\/uploads\/sites\/4\/2022\/12\/Olari_omenapiha_asuinkorttelipiha_kuva_Julia-Weckman_1920x1080px_03-800x450.jpg 800w, https:\/\/betoni.com\/lehti\/wp-content\/uploads\/sites\/4\/2022\/12\/Olari_omenapiha_asuinkorttelipiha_kuva_Julia-Weckman_1920x1080px_03-300x169.jpg 300w, https:\/\/betoni.com\/lehti\/wp-content\/uploads\/sites\/4\/2022\/12\/Olari_omenapiha_asuinkorttelipiha_kuva_Julia-Weckman_1920x1080px_03-768x432.jpg 768w, https:\/\/betoni.com\/lehti\/wp-content\/uploads\/sites\/4\/2022\/12\/Olari_omenapiha_asuinkorttelipiha_kuva_Julia-Weckman_1920x1080px_03-1536x864.jpg 1536w\" sizes=\"auto, (max-width: 1920px) 100vw, 1920px\" \/><figcaption>Pihalla on my\u00f6s akustisen elementin tuova vesiallas. Kuva: Julia Weckman<\/figcaption><\/figure>\n\n\n\n<h3 class=\"wp-block-heading\">Yhteisty\u00f6t\u00e4 suunnittelun aikana<\/h3>\n\n\n\n<p>Hankkeen rakennesuunnittelija on suunnitteluvaiheessa Optiplanilla ty\u00f6skennellyt RI-Amk <em>Marko Haikarainen<\/em>, EJT-Rakennusinsin\u00f6\u00f6rit Oy:st\u00e4. H\u00e4n kertoo, ett\u00e4 kokoa lukuun ottamatta pihakansi oli ratkaisuna melko tyypillinen.<\/p>\n\n\n\n<p>Autohallin kattona toimivan ontelolaataston p\u00e4\u00e4ll\u00e4 pihakannella on suojabetonilaatta. Vesieristys toteutettiin perinteisell\u00e4 kumibitumikermill\u00e4.<\/p>\n\n\n\n<p>Pihakansien rakenteet ja vesieritys suunnitellaan ja toteutetaan kest\u00e4m\u00e4\u00e4n mahdollisimman pitk\u00e4\u00e4n korjaamatta. T\u00e4rkeint\u00e4 onnistuneen lopputuloksen saavuttamisessa on Haikaraisen mukaan huolellinen detaljisuunnittelu ja tiivis yhteisty\u00f6 suunnittelijoiden ja urakoitsijoiden v\u00e4lill\u00e4.<\/p>\n\n\n\n<p>\u201dMahdolliset ongelmakohdat liittyv\u00e4t yleens\u00e4 viem\u00e4r\u00f6intiin. Ongelmat voidaan ehk\u00e4ist\u00e4 pitk\u00e4lti jo suunnitteluvaiheessa LVI-, rakenne- ja pihasuunnittelijoiden yhteisty\u00f6ll\u00e4. Toteutusvaiheessa mukaan tulevat vesierist\u00e4j\u00e4 ja kannen kerroksia toteuttava maarakentaja.\u201d<\/p>\n\n\n\n<p>Haikarainen sanoo, ett\u00e4 hankalimpien kohtien katselmoinnilla v\u00e4ltet\u00e4\u00e4n monta ongelmaa. Katselmoinnissa paikalla on monta silm\u00e4paria ja eri alojen asiantuntemusta sek\u00e4 kokemusta ehk\u00e4 hankalampienkin hankkeiden toteuttamisesta.<\/p>\n\n\n\n<p>\u201dYhdess\u00e4 tehdyn katselmoinnin kuluessa, joku osapuoli saattaa hyvinkin huomata asian, joka ei muille ole tullut mieleen.\u201d<\/p>\n\n\n\n<p>Kansipihoilla kantavuus aiheuttaa yl\u00e4puolisille rakenteille aina jonkinlaisia rajoituksia. Pihasuunnittelijan kanssa k\u00e4yd\u00e4\u00e4n l\u00e4pi, mit\u00e4 kannelle voi rakentaa ja istuttaa. \u201dSe on v\u00e4kisinkin yhteen sovittelua\u201d, Haikarainen sanoo.<\/p>\n\n\n\n<p>Jos kansi ei kest\u00e4 suuria puita, niit\u00e4 voidaan ehk\u00e4 istuttaa kansialueen ulkopuolelle.<\/p>\n\n\n\n<h3 class=\"wp-block-heading\">Ensimm\u00e4inen viherkattomultakohde<\/h3>\n\n\n\n<p>Omenapiha oli ensimm\u00e4inen kansipiha, jonka kasvualustat oli valmistettu saksalaisen FLL-normiston mukaan, Tieluiska Oy:n tuotteilla.<\/p>\n\n\n\n<p>\u201dViel\u00e4 tuolloin kattokasvualustoille ei Suomessa ollut laadittu kattavaa normistoa ja haluttiin, ett\u00e4 joku hyvinkin pitk\u00e4\u00e4n tutkittu normisto olisi taustalla, kun kasvualustoja l\u00e4hdettiin valmistamaan\u201d, kertoo kehitysp\u00e4\u00e4llikk\u00f6 <em>Juha Liukkonen<\/em> Tieluiska Oy:st\u00e4.<\/p>\n\n\n\n<p>Yrityksess\u00e4 oli jo vuosia tutkittu ja kehitetty viherkattokasvualustaa saksalaisen normiston mukaisesti.<\/p>\n\n\n\n<p>\u201dSuomessa ei viel\u00e4 tuolloin ollut mahdollisuutta kyseisten normien mukaisille kasvualusta-analyyseille ja siksi analysointi suoritettiin saksalaisissa laboratorioissa. My\u00f6hemmin Eurofins laajensi analysointia Suomeen, kun tutkimus mahdollistui Viljavuuspalvelussa Mikkeliss\u00e4\u201d, Liukkonen jatkaa.<\/p>\n\n\n\n<p>Soveltuvin osin saksalaiseen normistoon nojautuva viherkattojen rakentamista ohjaava RT-kortti valmistui Omenapihan rakentamisen aikana.<\/p>\n\n\n\n<p>Aikaisemmin viherkattoja- ja varsinkin kansipihoja toteutett\u00edin tavallisilla kasvualustoilla, mutta RT-kortin voimaantulon j\u00e4lkeen my\u00f6s kansipihoillekin tulivat voimaan samat ohjeistukset kuin viherkatoille ja molemmille alettiin vaatia samanlaiset, viherkatoille tarkoitetut kasvualustat.<\/p>\n\n\n\n<p>Tieluiskan valmistamissa kasvualustoissa k\u00e4ytettiin jo tuolloin sek\u00e4 tiili- ett\u00e4 Leca-murskeita.<\/p>\n\n\n\n<p>Asunto Oy Espoon Silvan, Luunan ja Pinovan viherty\u00f6t urakoi Vihermali Oy, joka vuonna 2018 sulautui yhteen Terrawise Oy:n kanssa. Vihert\u00f6iden ty\u00f6njohtajana kohteissa oli <em>Jukka Sauranen<\/em>. H\u00e4n kertoo, ett\u00e4 kohde oli mieleenpainuva erityisesti hienon ja samalla haastavan pihasuunnitelmansa ansiosta.<\/p>\n\n\n\n<p>My\u00f6s toteutus vaati erikoisj\u00e4rjestelyj\u00e4, erityisesti logistisesti. \u201dJouduimme nostamaan vaahtolasikevennyksen, kiviainekset sek\u00e4 kasvualustat betonikannelle isolla Telebelt -hihnakuljettimella\u201d, Sauranen muistelee. Ty\u00f6st\u00e4 vastasi Bekason Oy.<\/p>\n\n\n\n<p>Omenapiha rakennettiin nelj\u00e4ss\u00e4 vaiheessa asuinrakennusten valmistumisen tahdissa, joten sen viimeinen vaihe valmistui vuonna 2017.<\/p>\n\n\n<\/div><div class=\"image-gallery 791263\">\n    <div class=\"container\">\n        <div class=\"row\">\n            <div class=\"col-12\">\n                <p class=\"title\">Kuvagalleria<\/p>\n            <\/div>\n            <div class=\"col-12 image-gallery-grid \">\n\n                                                    <div>\n                                                <img decoding=\"async\" class=\"image \"\n                                                    src=\"https:\/\/betoni.com\/lehti\/wp-content\/uploads\/sites\/4\/2022\/12\/Olari_omenapiha_asuinkorttelipiha_kuva_Julia-Weckman_1920x1080px_04.jpg\"\n                                                    alt=\"Pihan p\u00e4\u00e4kulkureitti on leve\u00e4, Rudus Oy:n Roomalaisilla kivill\u00e4 p\u00e4\u00e4llystetty k\u00e4yt\u00e4v\u00e4, sill\u00e4 kannella on pelastustie. Kuva: Julia Weckman\" key=\"0\" \/>\n                                                                                    <\/div>\n                                                    <div>\n                                                <img decoding=\"async\" class=\"image \"\n                                                    src=\"https:\/\/betoni.com\/lehti\/wp-content\/uploads\/sites\/4\/2022\/12\/Olari_omenapiha_asuinkorttelipiha_kuva_Julia-Weckman_1600x900px_04.jpg\"\n                                                    alt=\"Pihan runsaasti kukkivat pienpuut, kivetyt kulkuv\u00e4yl\u00e4t, muurit ja kumpuilevaksi muotoiltu viherkentt\u00e4 luovat mielikuvan asukkaiden yksityisest\u00e4 puistosta. Kuva: Julia Weckman\" key=\"1\" \/>\n                                                                                    <\/div>\n                                                    <div>\n                                                <img decoding=\"async\" class=\"image \"\n                                                    src=\"https:\/\/betoni.com\/lehti\/wp-content\/uploads\/sites\/4\/2022\/12\/Olari_omenapiha_asuinkorttelipiha_istutettava_kumpu_1920x1080px.jpg\"\n                                                    alt=\"Istutettava kumpu, periaateleikkaus.\" key=\"2\" \/>\n                                                                                    <\/div>\n                            <\/div>\n        <\/div>\n    <\/div>\n    <div class=\"gallery-popup\">\n        <div class=\"container-fluid\">\n            <div class=\"row\">\n                <div class=\"col-md-8\">\n                    <div class=\"w-100 position-relative\">\n                        <button class=\"button-image button-image-prev\">\n                            <img decoding=\"async\" src=\"https:\/\/betoni.com\/lehti\/wp-content\/themes\/pt-betoni-theme\/assets\/images\/ic-chevron-left.svg\" \/>\n                        <\/button>\n                        <button class=\"button-image button-image-next\">\n                            <img decoding=\"async\" src=\"https:\/\/betoni.com\/lehti\/wp-content\/themes\/pt-betoni-theme\/assets\/images\/ic-chevron-right.svg\" \/>\n                        <\/button>\n                    <\/div>\n                    <div class=\"row title-row\">\n                        <div class=\"col-8\">\n                            <p class=\"alt_text\">Pihan p\u00e4\u00e4kulkureitti on leve\u00e4, Rudus Oy:n Roomalaisilla kivill\u00e4 p\u00e4\u00e4llystetty k\u00e4yt\u00e4v\u00e4, sill\u00e4 kannella on pelastustie. Kuva: Julia Weckman<\/p>\n                        <\/div>\n                        <div class=\"col-4\">\n                            <a class=\"close-gallery\">X<\/a>\n                        <\/div>\n                    <\/div>\n                    <img decoding=\"async\" class=\"gallery-image\" src=\"https:\/\/betoni.com\/lehti\/wp-content\/uploads\/sites\/4\/2022\/12\/Olari_omenapiha_asuinkorttelipiha_kuva_Julia-Weckman_1920x1080px_04.jpg\" alt=\"Pihan p\u00e4\u00e4kulkureitti on leve\u00e4, Rudus Oy:n Roomalaisilla kivill\u00e4 p\u00e4\u00e4llystetty k\u00e4yt\u00e4v\u00e4, sill\u00e4 kannella on pelastustie. Kuva: Julia Weckman\" \/>\n                <\/div>\n                <div class=\"col-md-4\">\n                    <div class=\"gallery-sidebar\">\n                                                    <img decoding=\"async\" class=\"sidebar-image\" src=\"https:\/\/betoni.com\/lehti\/wp-content\/uploads\/sites\/4\/2022\/12\/Olari_omenapiha_asuinkorttelipiha_kuva_Julia-Weckman_1920x1080px_04.jpg\" alt=\"Pihan p\u00e4\u00e4kulkureitti on leve\u00e4, Rudus Oy:n Roomalaisilla kivill\u00e4 p\u00e4\u00e4llystetty k\u00e4yt\u00e4v\u00e4, sill\u00e4 kannella on pelastustie. Kuva: Julia Weckman\" key=\"0\" \/>\n                                                    <img decoding=\"async\" class=\"sidebar-image\" src=\"https:\/\/betoni.com\/lehti\/wp-content\/uploads\/sites\/4\/2022\/12\/Olari_omenapiha_asuinkorttelipiha_kuva_Julia-Weckman_1600x900px_04.jpg\" alt=\"Pihan runsaasti kukkivat pienpuut, kivetyt kulkuv\u00e4yl\u00e4t, muurit ja kumpuilevaksi muotoiltu viherkentt\u00e4 luovat mielikuvan asukkaiden yksityisest\u00e4 puistosta. Kuva: Julia Weckman\" key=\"1\" \/>\n                                                    <img decoding=\"async\" class=\"sidebar-image\" src=\"https:\/\/betoni.com\/lehti\/wp-content\/uploads\/sites\/4\/2022\/12\/Olari_omenapiha_asuinkorttelipiha_istutettava_kumpu_1920x1080px.jpg\" alt=\"Istutettava kumpu, periaateleikkaus.\" key=\"2\" \/>\n                                            <\/div>\n                <\/div>\n            <\/div>\n        <\/div>\n    <\/div>\n<\/div>\n\n<script>\n    jQuery(document).ready(() => {\n        jQuery('.image-gallery.791263 .gallery-popup').hide();\n        jQuery('.image-gallery.791263 .image').click((e) => {\n            jQuery('.image-gallery.791263 .gallery-popup .alt_text').html(jQuery(e.target).attr('alt'));\n            jQuery('.image-gallery.791263 .gallery-popup .gallery-image').attr('alt', jQuery(e.target).attr('alt'));\n            jQuery('.image-gallery.791263 .gallery-popup .gallery-image').attr('src', jQuery(e.target).attr('src'));\n            jQuery('.image-gallery.791263 .gallery-popup').show();\n            currentImage = jQuery(e.target).attr('key');\n        })\n        jQuery('.image-gallery.791263 .gallery-popup .sidebar-image').click((e) => {\n            jQuery('.image-gallery.791263 .gallery-popup .alt_text').html(jQuery(e.target).attr('alt'));\n            jQuery('.image-gallery.791263 .gallery-popup .gallery-image').attr('alt', jQuery(e.target).attr('alt'));\n            jQuery('.image-gallery.791263 .gallery-popup .gallery-image').attr('src', jQuery(e.target).attr('src'));\n            currentImage = jQuery(e.target).attr('key');\n        })\n        jQuery('.image-gallery.791263 .gallery-popup .close-gallery').click(() => {\n            jQuery('.image-gallery.791263 .gallery-popup').hide();\n        })\n\n        var theImages = [{\"alt_text\":\"Pihan p\\u00e4\\u00e4kulkureitti on leve\\u00e4, Rudus Oy:n Roomalaisilla kivill\\u00e4 p\\u00e4\\u00e4llystetty k\\u00e4yt\\u00e4v\\u00e4, sill\\u00e4 kannella on pelastustie. Kuva: Julia Weckman\",\"image\":\"https:\\\/\\\/betoni.com\\\/lehti\\\/wp-content\\\/uploads\\\/sites\\\/4\\\/2022\\\/12\\\/Olari_omenapiha_asuinkorttelipiha_kuva_Julia-Weckman_1920x1080px_04.jpg\"},{\"alt_text\":\"Pihan runsaasti kukkivat pienpuut, kivetyt kulkuv\\u00e4yl\\u00e4t, muurit ja kumpuilevaksi muotoiltu viherkentt\\u00e4 luovat mielikuvan asukkaiden yksityisest\\u00e4 puistosta. Kuva: Julia Weckman\",\"image\":\"https:\\\/\\\/betoni.com\\\/lehti\\\/wp-content\\\/uploads\\\/sites\\\/4\\\/2022\\\/12\\\/Olari_omenapiha_asuinkorttelipiha_kuva_Julia-Weckman_1600x900px_04.jpg\"},{\"alt_text\":\"Istutettava kumpu, periaateleikkaus.\",\"image\":\"https:\\\/\\\/betoni.com\\\/lehti\\\/wp-content\\\/uploads\\\/sites\\\/4\\\/2022\\\/12\\\/Olari_omenapiha_asuinkorttelipiha_istutettava_kumpu_1920x1080px.jpg\"}];\n        var currentImage = 0;\n\n        jQuery('.image-gallery.791263 .gallery-popup .button-image-next').click(() => {\n            if (currentImage < theImages.length - 1) {\n                currentImage++;\n            } else {\n                currentImage = 0;\n            }\n            changeImage();\n        })\n        jQuery('.image-gallery.791263 .gallery-popup .button-image-prev').click(() => {\n            if (currentImage > 0) {\n                currentImage--;\n            } else {\n                currentImage = theImages.length - 1;\n            }\n            changeImage();\n        })\n\n        function changeImage() {\n            jQuery('.image-gallery.791263 .gallery-popup .alt_text').html(theImages[currentImage].alt_text);\n            jQuery('.image-gallery.791263 .gallery-popup .gallery-image').attr('alt', theImages[currentImage].alt_text);\n            jQuery('.image-gallery.791263 .gallery-popup .gallery-image').attr('src', theImages[currentImage].image);\n        }\n\n        document.onkeydown = function(event) {\n            switch (event.keyCode) {\n                case 27: \/\/ ESC closes popup\n                    jQuery('.image-gallery .gallery-popup').hide();\n                    break;\n                case 37:\n                    jQuery('.image-gallery .gallery-popup .button-image-prev').click();\n                    break;\n                case 39:\n                    jQuery('.image-gallery .gallery-popup .button-image-next').click();\n                    break;\n            }\n        };\n    })\n<\/script>\n<style>\n  .plus-other-images {position:relative;cursor:pointer;}\n.plus-other-images img {opacity: 0.5;filter:grayscale(100%);}\n.plus-other-images-overlay {display: block;position: absolute;top: 50%;left: 50%;transform: translate(-50%, -50%);color: #000;font-size: 4em;font-weight: 600;pointer-events: none;z-index: 2;text-shadow: 2px 2px 2px rgba(0,0,0,0.15);}\n.gallery-popup .button-image {z-index: 3;}\n<\/style>\n<div class='container'>\n\n<\/div><div class=\"kohde-info\">\n  <div class=\"left-layer-kohde-info\"><\/div>\n  <div class=\"container\">\n    <div class=\"row\">\n      <div class=\"col-lg-12 kohde-otsikko\">\n        <h2>Omenapiha, Espoo<\/h2>\n      <\/div>\n    <\/div>\n    <div class=\"row\">\n      <div class=\"col-lg-4 kohde-kuva\">\n        <img decoding=\"async\" src=\"https:\/\/betoni.com\/lehti\/wp-content\/uploads\/sites\/4\/2022\/12\/Olari_omenapiha_asuinkorttelipiha_kuva_Julia-Weckman_1593x895px.jpg\" class=\"w-100\" alt=\"Omenapiha, Espoo\">\n        <figcaption class=\"image_extratext\">Kuva: Julia Weckman<\/figcaption>\n      <\/div>\n      <div class=\"col-lg-8\">\n        <p><strong>Valmistumisajankohta:<\/strong> 2014 &#8211; 2017<br \/>\n<strong>Rakennuttaja:<\/strong> Westpro Oy<\/p>\n<p><strong>Suunnittelijat:<\/strong><br \/>\n<strong>P\u00e4\u00e4suunnittelu:<\/strong> Gullichsen-Vormala Arkkitehdit Ky, Timo Vormala<br \/>\n<strong>Rakennesuunnittelu:<\/strong> Optiplan, Marko Haikarainen<br \/>\n<strong>Pihasuunnittelu:<\/strong> Loci maisema-arkkitehdit Oy, Pia Kuusiniemi<br \/>\n<strong>Toteutus:<\/strong> Vihermali Oy ja Koiviston Viherty\u00f6<br \/>\n<strong>Kasvualustat:<\/strong> Tieluiska Oy<br \/>\n<strong>Betonikivet:<\/strong> Rudus Oy<br \/>\n<strong>Kasvillisuus:<\/strong> Harviala Oy<\/p>\n      <\/div>\n    <\/div>\n  <\/div>\n<\/div><div class='container'>","protected":false},"excerpt":{"rendered":"<p>Omenapiha on Espoon Olarissa sijaitseva poikkeuksellisen suuri asuinkorttelipiha. Joka puoleltaan katualueiden (Piispansilta, Piispanpiha ja Piispanportti sek\u00e4 Kuitinm\u00e4entie) rajaaman korttelin muodostavat nelj\u00e4 asuinrakennusta.<\/p>\n","protected":false},"author":3,"featured_media":23216,"comment_status":"closed","ping_status":"closed","sticky":false,"template":"","format":"standard","meta":{"_acf_changed":false,"footnotes":""},"categories":[6],"tags":[79,51],"class_list":["post-23215","post","type-post","status-publish","format-standard","has-post-thumbnail","hentry","category-infra-ja-ymparistorakentaminen","tag-piha","tag-ymparistorakentaminen"],"acf":[],"yoast_head":"<!-- This site is optimized with the Yoast SEO plugin v27.2 - https:\/\/yoast.com\/product\/yoast-seo-wordpress\/ -->\n<title>Koko korttelin veistoksellinen Omenapiha - Betoni-lehti<\/title>\n<meta name=\"robots\" content=\"index, follow, max-snippet:-1, max-image-preview:large, max-video-preview:-1\" \/>\n<link rel=\"canonical\" href=\"https:\/\/betoni.com\/lehti\/2022\/12\/08\/koko-korttelin-veistoksellinen-omenapiha\/\" \/>\n<meta property=\"og:locale\" content=\"fi_FI\" \/>\n<meta property=\"og:type\" content=\"article\" \/>\n<meta property=\"og:title\" content=\"Koko korttelin veistoksellinen Omenapiha - Betoni-lehti\" \/>\n<meta property=\"og:description\" content=\"Omenapiha on Espoon Olarissa sijaitseva poikkeuksellisen suuri asuinkorttelipiha. Joka puoleltaan katualueiden (Piispansilta, Piispanpiha ja Piispanportti sek\u00e4 Kuitinm\u00e4entie) rajaaman korttelin muodostavat nelj\u00e4 asuinrakennusta.\" \/>\n<meta property=\"og:url\" content=\"https:\/\/betoni.com\/lehti\/2022\/12\/08\/koko-korttelin-veistoksellinen-omenapiha\/\" \/>\n<meta property=\"og:site_name\" content=\"Betoni-lehti\" \/>\n<meta property=\"article:published_time\" content=\"2022-12-08T15:20:04+00:00\" \/>\n<meta property=\"article:modified_time\" content=\"2022-12-08T15:22:45+00:00\" \/>\n<meta property=\"og:image\" content=\"https:\/\/betoni.com\/lehti\/wp-content\/uploads\/sites\/4\/2022\/12\/Olari_omenapiha_asuinkorttelipiha_kuva_Julia-Weckman_1593x895px.jpg\" \/>\n\t<meta property=\"og:image:width\" content=\"1593\" \/>\n\t<meta property=\"og:image:height\" content=\"895\" \/>\n\t<meta property=\"og:image:type\" content=\"image\/jpeg\" \/>\n<meta name=\"author\" content=\"Nina Loisalo\" \/>\n<meta name=\"twitter:card\" content=\"summary_large_image\" \/>\n<meta name=\"twitter:label1\" content=\"Written by\" \/>\n\t<meta name=\"twitter:data1\" content=\"Nina Loisalo\" \/>\n\t<meta name=\"twitter:label2\" content=\"Est. reading time\" \/>\n\t<meta name=\"twitter:data2\" content=\"7 minuuttia\" \/>\n<script type=\"application\/ld+json\" class=\"yoast-schema-graph\">{\"@context\":\"https:\/\/schema.org\",\"@graph\":[{\"@type\":\"Article\",\"@id\":\"https:\/\/betoni.com\/lehti\/2022\/12\/08\/koko-korttelin-veistoksellinen-omenapiha\/#article\",\"isPartOf\":{\"@id\":\"https:\/\/betoni.com\/lehti\/2022\/12\/08\/koko-korttelin-veistoksellinen-omenapiha\/\"},\"author\":{\"name\":\"Nina Loisalo\",\"@id\":\"https:\/\/betoni.com\/lehti\/#\/schema\/person\/48daa047cb90360f16de566098506c35\"},\"headline\":\"Koko korttelin veistoksellinen Omenapiha\",\"datePublished\":\"2022-12-08T15:20:04+00:00\",\"dateModified\":\"2022-12-08T15:22:45+00:00\",\"mainEntityOfPage\":{\"@id\":\"https:\/\/betoni.com\/lehti\/2022\/12\/08\/koko-korttelin-veistoksellinen-omenapiha\/\"},\"wordCount\":1159,\"image\":{\"@id\":\"https:\/\/betoni.com\/lehti\/2022\/12\/08\/koko-korttelin-veistoksellinen-omenapiha\/#primaryimage\"},\"thumbnailUrl\":\"https:\/\/betoni.com\/lehti\/wp-content\/uploads\/sites\/4\/2022\/12\/Olari_omenapiha_asuinkorttelipiha_kuva_Julia-Weckman_1593x895px.jpg\",\"keywords\":[\"piha\",\"ymp\u00e4rist\u00f6rakentaminen\"],\"articleSection\":[\"Infra ja ymp\u00e4rist\u00f6rakentaminen\"],\"inLanguage\":\"fi\"},{\"@type\":\"WebPage\",\"@id\":\"https:\/\/betoni.com\/lehti\/2022\/12\/08\/koko-korttelin-veistoksellinen-omenapiha\/\",\"url\":\"https:\/\/betoni.com\/lehti\/2022\/12\/08\/koko-korttelin-veistoksellinen-omenapiha\/\",\"name\":\"Koko korttelin veistoksellinen Omenapiha - Betoni-lehti\",\"isPartOf\":{\"@id\":\"https:\/\/betoni.com\/lehti\/#website\"},\"primaryImageOfPage\":{\"@id\":\"https:\/\/betoni.com\/lehti\/2022\/12\/08\/koko-korttelin-veistoksellinen-omenapiha\/#primaryimage\"},\"image\":{\"@id\":\"https:\/\/betoni.com\/lehti\/2022\/12\/08\/koko-korttelin-veistoksellinen-omenapiha\/#primaryimage\"},\"thumbnailUrl\":\"https:\/\/betoni.com\/lehti\/wp-content\/uploads\/sites\/4\/2022\/12\/Olari_omenapiha_asuinkorttelipiha_kuva_Julia-Weckman_1593x895px.jpg\",\"datePublished\":\"2022-12-08T15:20:04+00:00\",\"dateModified\":\"2022-12-08T15:22:45+00:00\",\"author\":{\"@id\":\"https:\/\/betoni.com\/lehti\/#\/schema\/person\/48daa047cb90360f16de566098506c35\"},\"breadcrumb\":{\"@id\":\"https:\/\/betoni.com\/lehti\/2022\/12\/08\/koko-korttelin-veistoksellinen-omenapiha\/#breadcrumb\"},\"inLanguage\":\"fi\",\"potentialAction\":[{\"@type\":\"ReadAction\",\"target\":[\"https:\/\/betoni.com\/lehti\/2022\/12\/08\/koko-korttelin-veistoksellinen-omenapiha\/\"]}]},{\"@type\":\"ImageObject\",\"inLanguage\":\"fi\",\"@id\":\"https:\/\/betoni.com\/lehti\/2022\/12\/08\/koko-korttelin-veistoksellinen-omenapiha\/#primaryimage\",\"url\":\"https:\/\/betoni.com\/lehti\/wp-content\/uploads\/sites\/4\/2022\/12\/Olari_omenapiha_asuinkorttelipiha_kuva_Julia-Weckman_1593x895px.jpg\",\"contentUrl\":\"https:\/\/betoni.com\/lehti\/wp-content\/uploads\/sites\/4\/2022\/12\/Olari_omenapiha_asuinkorttelipiha_kuva_Julia-Weckman_1593x895px.jpg\",\"width\":1593,\"height\":895},{\"@type\":\"BreadcrumbList\",\"@id\":\"https:\/\/betoni.com\/lehti\/2022\/12\/08\/koko-korttelin-veistoksellinen-omenapiha\/#breadcrumb\",\"itemListElement\":[{\"@type\":\"ListItem\",\"position\":1,\"name\":\"Home\",\"item\":\"https:\/\/betoni.com\/lehti\/\"},{\"@type\":\"ListItem\",\"position\":2,\"name\":\"Koko korttelin veistoksellinen Omenapiha\"}]},{\"@type\":\"WebSite\",\"@id\":\"https:\/\/betoni.com\/lehti\/#website\",\"url\":\"https:\/\/betoni.com\/lehti\/\",\"name\":\"Betoni-lehti\",\"description\":\"Betoni ry:n verkkolehti\",\"potentialAction\":[{\"@type\":\"SearchAction\",\"target\":{\"@type\":\"EntryPoint\",\"urlTemplate\":\"https:\/\/betoni.com\/lehti\/?s={search_term_string}\"},\"query-input\":{\"@type\":\"PropertyValueSpecification\",\"valueRequired\":true,\"valueName\":\"search_term_string\"}}],\"inLanguage\":\"fi\"},{\"@type\":\"Person\",\"@id\":\"https:\/\/betoni.com\/lehti\/#\/schema\/person\/48daa047cb90360f16de566098506c35\",\"name\":\"Nina Loisalo\",\"url\":\"https:\/\/betoni.com\/lehti\/author\/nina-loisalorakennusteollisuus-fi\/\"}]}<\/script>\n<!-- \/ Yoast SEO plugin. -->","yoast_head_json":{"title":"Koko korttelin veistoksellinen Omenapiha - Betoni-lehti","robots":{"index":"index","follow":"follow","max-snippet":"max-snippet:-1","max-image-preview":"max-image-preview:large","max-video-preview":"max-video-preview:-1"},"canonical":"https:\/\/betoni.com\/lehti\/2022\/12\/08\/koko-korttelin-veistoksellinen-omenapiha\/","og_locale":"fi_FI","og_type":"article","og_title":"Koko korttelin veistoksellinen Omenapiha - Betoni-lehti","og_description":"Omenapiha on Espoon Olarissa sijaitseva poikkeuksellisen suuri asuinkorttelipiha. Joka puoleltaan katualueiden (Piispansilta, Piispanpiha ja Piispanportti sek\u00e4 Kuitinm\u00e4entie) rajaaman korttelin muodostavat nelj\u00e4 asuinrakennusta.","og_url":"https:\/\/betoni.com\/lehti\/2022\/12\/08\/koko-korttelin-veistoksellinen-omenapiha\/","og_site_name":"Betoni-lehti","article_published_time":"2022-12-08T15:20:04+00:00","article_modified_time":"2022-12-08T15:22:45+00:00","og_image":[{"width":1593,"height":895,"url":"https:\/\/betoni.com\/lehti\/wp-content\/uploads\/sites\/4\/2022\/12\/Olari_omenapiha_asuinkorttelipiha_kuva_Julia-Weckman_1593x895px.jpg","type":"image\/jpeg"}],"author":"Nina Loisalo","twitter_card":"summary_large_image","twitter_misc":{"Written by":"Nina Loisalo","Est. reading time":"7 minuuttia"},"schema":{"@context":"https:\/\/schema.org","@graph":[{"@type":"Article","@id":"https:\/\/betoni.com\/lehti\/2022\/12\/08\/koko-korttelin-veistoksellinen-omenapiha\/#article","isPartOf":{"@id":"https:\/\/betoni.com\/lehti\/2022\/12\/08\/koko-korttelin-veistoksellinen-omenapiha\/"},"author":{"name":"Nina Loisalo","@id":"https:\/\/betoni.com\/lehti\/#\/schema\/person\/48daa047cb90360f16de566098506c35"},"headline":"Koko korttelin veistoksellinen Omenapiha","datePublished":"2022-12-08T15:20:04+00:00","dateModified":"2022-12-08T15:22:45+00:00","mainEntityOfPage":{"@id":"https:\/\/betoni.com\/lehti\/2022\/12\/08\/koko-korttelin-veistoksellinen-omenapiha\/"},"wordCount":1159,"image":{"@id":"https:\/\/betoni.com\/lehti\/2022\/12\/08\/koko-korttelin-veistoksellinen-omenapiha\/#primaryimage"},"thumbnailUrl":"https:\/\/betoni.com\/lehti\/wp-content\/uploads\/sites\/4\/2022\/12\/Olari_omenapiha_asuinkorttelipiha_kuva_Julia-Weckman_1593x895px.jpg","keywords":["piha","ymp\u00e4rist\u00f6rakentaminen"],"articleSection":["Infra ja ymp\u00e4rist\u00f6rakentaminen"],"inLanguage":"fi"},{"@type":"WebPage","@id":"https:\/\/betoni.com\/lehti\/2022\/12\/08\/koko-korttelin-veistoksellinen-omenapiha\/","url":"https:\/\/betoni.com\/lehti\/2022\/12\/08\/koko-korttelin-veistoksellinen-omenapiha\/","name":"Koko korttelin veistoksellinen Omenapiha - Betoni-lehti","isPartOf":{"@id":"https:\/\/betoni.com\/lehti\/#website"},"primaryImageOfPage":{"@id":"https:\/\/betoni.com\/lehti\/2022\/12\/08\/koko-korttelin-veistoksellinen-omenapiha\/#primaryimage"},"image":{"@id":"https:\/\/betoni.com\/lehti\/2022\/12\/08\/koko-korttelin-veistoksellinen-omenapiha\/#primaryimage"},"thumbnailUrl":"https:\/\/betoni.com\/lehti\/wp-content\/uploads\/sites\/4\/2022\/12\/Olari_omenapiha_asuinkorttelipiha_kuva_Julia-Weckman_1593x895px.jpg","datePublished":"2022-12-08T15:20:04+00:00","dateModified":"2022-12-08T15:22:45+00:00","author":{"@id":"https:\/\/betoni.com\/lehti\/#\/schema\/person\/48daa047cb90360f16de566098506c35"},"breadcrumb":{"@id":"https:\/\/betoni.com\/lehti\/2022\/12\/08\/koko-korttelin-veistoksellinen-omenapiha\/#breadcrumb"},"inLanguage":"fi","potentialAction":[{"@type":"ReadAction","target":["https:\/\/betoni.com\/lehti\/2022\/12\/08\/koko-korttelin-veistoksellinen-omenapiha\/"]}]},{"@type":"ImageObject","inLanguage":"fi","@id":"https:\/\/betoni.com\/lehti\/2022\/12\/08\/koko-korttelin-veistoksellinen-omenapiha\/#primaryimage","url":"https:\/\/betoni.com\/lehti\/wp-content\/uploads\/sites\/4\/2022\/12\/Olari_omenapiha_asuinkorttelipiha_kuva_Julia-Weckman_1593x895px.jpg","contentUrl":"https:\/\/betoni.com\/lehti\/wp-content\/uploads\/sites\/4\/2022\/12\/Olari_omenapiha_asuinkorttelipiha_kuva_Julia-Weckman_1593x895px.jpg","width":1593,"height":895},{"@type":"BreadcrumbList","@id":"https:\/\/betoni.com\/lehti\/2022\/12\/08\/koko-korttelin-veistoksellinen-omenapiha\/#breadcrumb","itemListElement":[{"@type":"ListItem","position":1,"name":"Home","item":"https:\/\/betoni.com\/lehti\/"},{"@type":"ListItem","position":2,"name":"Koko korttelin veistoksellinen Omenapiha"}]},{"@type":"WebSite","@id":"https:\/\/betoni.com\/lehti\/#website","url":"https:\/\/betoni.com\/lehti\/","name":"Betoni-lehti","description":"Betoni ry:n verkkolehti","potentialAction":[{"@type":"SearchAction","target":{"@type":"EntryPoint","urlTemplate":"https:\/\/betoni.com\/lehti\/?s={search_term_string}"},"query-input":{"@type":"PropertyValueSpecification","valueRequired":true,"valueName":"search_term_string"}}],"inLanguage":"fi"},{"@type":"Person","@id":"https:\/\/betoni.com\/lehti\/#\/schema\/person\/48daa047cb90360f16de566098506c35","name":"Nina Loisalo","url":"https:\/\/betoni.com\/lehti\/author\/nina-loisalorakennusteollisuus-fi\/"}]}},"_links":{"self":[{"href":"https:\/\/betoni.com\/lehti\/wp-json\/wp\/v2\/posts\/23215","targetHints":{"allow":["GET"]}}],"collection":[{"href":"https:\/\/betoni.com\/lehti\/wp-json\/wp\/v2\/posts"}],"about":[{"href":"https:\/\/betoni.com\/lehti\/wp-json\/wp\/v2\/types\/post"}],"author":[{"embeddable":true,"href":"https:\/\/betoni.com\/lehti\/wp-json\/wp\/v2\/users\/3"}],"replies":[{"embeddable":true,"href":"https:\/\/betoni.com\/lehti\/wp-json\/wp\/v2\/comments?post=23215"}],"version-history":[{"count":0,"href":"https:\/\/betoni.com\/lehti\/wp-json\/wp\/v2\/posts\/23215\/revisions"}],"wp:featuredmedia":[{"embeddable":true,"href":"https:\/\/betoni.com\/lehti\/wp-json\/wp\/v2\/media\/23216"}],"wp:attachment":[{"href":"https:\/\/betoni.com\/lehti\/wp-json\/wp\/v2\/media?parent=23215"}],"wp:term":[{"taxonomy":"category","embeddable":true,"href":"https:\/\/betoni.com\/lehti\/wp-json\/wp\/v2\/categories?post=23215"},{"taxonomy":"post_tag","embeddable":true,"href":"https:\/\/betoni.com\/lehti\/wp-json\/wp\/v2\/tags?post=23215"}],"curies":[{"name":"wp","href":"https:\/\/api.w.org\/{rel}","templated":true}]}}