{"id":24259,"date":"2023-03-03T12:30:32","date_gmt":"2023-03-03T10:30:32","guid":{"rendered":"https:\/\/betoni.com\/lehti\/?p=24259"},"modified":"2023-03-10T15:20:13","modified_gmt":"2023-03-10T13:20:13","slug":"vuoden-ymparistorakenne-2022-vantaan-tikkurilankosken-puistoalueet","status":"publish","type":"post","link":"https:\/\/betoni.com\/lehti\/2023\/03\/03\/vuoden-ymparistorakenne-2022-vantaan-tikkurilankosken-puistoalueet\/","title":{"rendered":"Vuoden Ymp\u00e4rist\u00f6rakenne 2022: Vantaan Tikkurilankosken puistoalueet"},"content":{"rendered":"\n<h3 class=\"wp-block-heading\">Vantaan kaupungille uusi vetovoimatekij\u00e4 Tikkurilaan <\/h3>\n\n\n\n<p>Vernissaranta, V\u00e4ritehtaanranta sek\u00e4 kosken ylitt\u00e4v\u00e4 Vernissasilta muodostavat uuden virkistysalueen Tikkurilan keskustaan. Alue on nyky\u00e4\u00e4n Vantaan kaupungin t\u00e4rke\u00e4 vetovoimatekij\u00e4, joka yhdist\u00e4\u00e4 teollisen historian ja monimuotoisen luonnon. Puisto on hyvin saavutettava ja sit\u00e4 voi ihailla my\u00f6s ohikiit\u00e4v\u00e4n junan ikkunasta.<\/p>\n\n\n\n<p>\u2013 Ranta-alue oli aikaisemmin pime\u00e4 ja vaikeakulkuinen. Hyv\u00e4n suunnittelun ja toteutuksen my\u00f6t\u00e4 olemme nyt saaneet kauniin, viihtyis\u00e4n ja toimivan, alueen historiaa esiin tuovan ja kunnioittavan kokonaisuuden, kiitt\u00e4\u00e4 Vantaan puistosuunnittelup\u00e4\u00e4llikk\u00f6 <em>Heidi Burjam<\/em>.<\/p>\n\n\n\n<p>Vantaa m\u00e4\u00e4ritt\u00e4\u00e4 strategiassaan tavoitteiksi viihtyisyyden lis\u00e4\u00e4misen, kest\u00e4vyyden ja monimuotoisuuden. Tavoitteen saavuttaminen edellytt\u00e4\u00e4 tasapainon hakemista asukasm\u00e4\u00e4r\u00e4n ja k\u00e4ytt\u00f6puistopinta-alan suhteen. Jokirantapuisto palvelee suurta k\u00e4ytt\u00e4j\u00e4m\u00e4\u00e4r\u00e4\u00e4 Vantaalla.<\/p>\n\n\n\n<p>\u2013 Olemme halunneet edist\u00e4\u00e4 my\u00f6s luonnonmukaisuutta ja kaikkien lajien viihtymist\u00e4 alueella. Vantaan erityispiirre ovat virtaavat vedet, Burjam toteaa.<\/p>\n\n\n\n<figure class=\"wp-block-image size-full\"><img loading=\"lazy\" decoding=\"async\" width=\"980\" height=\"1259\" src=\"https:\/\/betoni.com\/lehti\/wp-content\/uploads\/sites\/4\/2023\/03\/Vernissaranta_Varitehtaanranta-980x1259px_kuva_Pyry_Kantonen.jpg\" alt=\"\" class=\"wp-image-24268\" srcset=\"https:\/\/betoni.com\/lehti\/wp-content\/uploads\/sites\/4\/2023\/03\/Vernissaranta_Varitehtaanranta-980x1259px_kuva_Pyry_Kantonen.jpg 980w, https:\/\/betoni.com\/lehti\/wp-content\/uploads\/sites\/4\/2023\/03\/Vernissaranta_Varitehtaanranta-980x1259px_kuva_Pyry_Kantonen-623x800.jpg 623w, https:\/\/betoni.com\/lehti\/wp-content\/uploads\/sites\/4\/2023\/03\/Vernissaranta_Varitehtaanranta-980x1259px_kuva_Pyry_Kantonen-234x300.jpg 234w, https:\/\/betoni.com\/lehti\/wp-content\/uploads\/sites\/4\/2023\/03\/Vernissaranta_Varitehtaanranta-980x1259px_kuva_Pyry_Kantonen-768x987.jpg 768w\" sizes=\"auto, (max-width: 980px) 100vw, 980px\" \/><figcaption>Tikkurilan jokiranta kehittyy rinnakkain uudistuvan keskustan kanssa. Rannan astinkivin\u00e4 on k\u00e4ytetty puretun padon materiaaleja. Kuva: Pyry Kantonen Photography<\/figcaption><\/figure>\n\n\n\n<h3 class=\"wp-block-heading\">Historiallisen ja inspiroivan paikan uusi el\u00e4m\u00e4<\/h3>\n\n\n\n<p>Alue sijaitsee Keravanjoen varrella, kosken \u00e4\u00e4rell\u00e4. Vesivoimaan turvautuneet Tikkurilan teollisen historian merkitt\u00e4v\u00e4t toiminnot siirtyiv\u00e4t kaupungin kasvaessa muualle. Ranta-alueet vapautuivat kaupunkilaisten k\u00e4ytt\u00f6\u00f6n. Tikkurilankosken pato purettiin vuonna 2019 ja koski p\u00e4\u00e4si j\u00e4lleen virtaamaan luonnollisesti. Meritaimen ja lohi p\u00e4\u00e4sev\u00e4t taas nousemaan koskeen.<\/p>\n\n\n\n<p>\u2013 Haluan esitt\u00e4\u00e4 kiitoksemme Vantaan kaupungille tilaajana jokirannan ennakkoluulottomasta kehitt\u00e4misest\u00e4. Voitimme alueella j\u00e4rjestetyn suunnittelukilpailun vuonna 2016 ja olemme todella iloisia, ett\u00e4 olemme voineet olla mukana alueen kehitt\u00e4misess\u00e4 siit\u00e4 l\u00e4htien, johtava suunnittelija <em>Milla Hakari<\/em> Loci Maisema-arkkitehdit Oy:st\u00e4 toteaa.<\/p>\n\n\n\n<p>\u2013 T\u00e4m\u00e4 oli mielenkiintoinen ja poikkeuksellinen suunnittelukohde. Paikka on inspiroiva: virtaava vesi, tulvat, veden voima ja arvokas luonto yhdistyv\u00e4t. Halusimme, ett\u00e4 ihmiset p\u00e4\u00e4sev\u00e4t veden \u00e4\u00e4relle ja kokemaan luontoa kaupungissa. Materiaalit valittiin niin, ett\u00e4 teollisuustunnelma s\u00e4ilyy ja halusimme my\u00f6s kierr\u00e4tt\u00e4\u00e4 paikalla olleita materiaaleja, esimerkiksi puretun padon kivi\u00e4, Hakari kuvailee.<\/p>\n\n\n\n<figure class=\"wp-block-image size-full\"><img loading=\"lazy\" decoding=\"async\" width=\"1920\" height=\"1308\" src=\"https:\/\/betoni.com\/lehti\/wp-content\/uploads\/sites\/4\/2023\/03\/Vernissaranta_Varitehtaanranta-1920x1308px.jpg\" alt=\"\" class=\"wp-image-24271\" srcset=\"https:\/\/betoni.com\/lehti\/wp-content\/uploads\/sites\/4\/2023\/03\/Vernissaranta_Varitehtaanranta-1920x1308px.jpg 1920w, https:\/\/betoni.com\/lehti\/wp-content\/uploads\/sites\/4\/2023\/03\/Vernissaranta_Varitehtaanranta-1920x1308px-800x545.jpg 800w, https:\/\/betoni.com\/lehti\/wp-content\/uploads\/sites\/4\/2023\/03\/Vernissaranta_Varitehtaanranta-1920x1308px-300x204.jpg 300w, https:\/\/betoni.com\/lehti\/wp-content\/uploads\/sites\/4\/2023\/03\/Vernissaranta_Varitehtaanranta-1920x1308px-768x523.jpg 768w, https:\/\/betoni.com\/lehti\/wp-content\/uploads\/sites\/4\/2023\/03\/Vernissaranta_Varitehtaanranta-1920x1308px-1536x1046.jpg 1536w\" sizes=\"auto, (max-width: 1920px) 100vw, 1920px\" \/><figcaption>Tikkurilan jokiranta. Alueen pohjapiirros.<\/figcaption><\/figure>\n\n\n\n<h3 class=\"wp-block-heading\">Tuomaristo vaikuttui hienosta kokonaisuudesta ja puiston monitasoisuudesta<\/h3>\n\n\n\n<p>Tuomariston perusteluissa kiitet\u00e4\u00e4n kohteen monitasoisuutta: Tikkurilankosken puistoalueet ovat hieno kokonaisuus, joka muodostaa tyylilt\u00e4\u00e4n ja materiaaleiltaan yhten\u00e4isen sek\u00e4 historiallisesti kerroksellisen ja kiinnostavan julkisen ulkotilan. Puistoalueella on paljon taitavasti suunniteltuja ja toteutettuja kest\u00e4v\u00e4n ymp\u00e4rist\u00f6rakentamisen ratkaisuja.<\/p>\n\n\n\n<p>\u2013 Puisto on vaikuttava. Se onnistuu yll\u00e4tt\u00e4m\u00e4\u00e4n kulkijan ja tuottaa erilaisia ja ilahduttavia kokemuksia puistoon luotujen paikkojen avulla. Jokirannan saavutettavuus ja virkistysarvo ovat parantuneet merkitt\u00e4v\u00e4sti t\u00e4m\u00e4n hankkeen my\u00f6t\u00e4. Alueen maisemallisia ja tehdashistorian ominaispiirteit\u00e4 on kunnioitettu uusien toimintojen ja rakenteiden sijoittamisessa. Tuomaristo kiittelee paikallisten materiaalien ja rakenteiden paikan p\u00e4\u00e4ll\u00e4 uudelleen hy\u00f6dynt\u00e4miseen ja osittaiseen paikalle j\u00e4tt\u00e4miseen, joen vapauttamiseen, tulvanhallintaan ja luonnonmukaistamiseen sek\u00e4 olevan puuston ja kasvillisuuden vaalimiseen liittyvi\u00e4 ratkaisuja, toteaa tuomariston puheenjohtaja, maisema-arkkitehti Anna Levonmaa.<\/p>\n\n\n\n<p>\u2013 T\u00e4m\u00e4n tunnustuksen hienous on se, ett\u00e4 perusteluissa huomioidaan suunnittelun ja rakentamisen lis\u00e4ksi my\u00f6s kunnossapito. Se edist\u00e4\u00e4 alan kaikkien sektorien tuotekehityst\u00e4 ja innovaatioita. T\u00e4ll\u00e4 kertaa Vuoden Ymp\u00e4rist\u00f6rakenne -palkintoehdokkaina oli ilahduttavan paljon vaativia peruskunnostuskohteita. T\u00e4m\u00e4 trendi on n\u00e4kynyt viime aikoina my\u00f6s rakennusalan palkinnoissa, Levonmaa lis\u00e4\u00e4.<\/p>\n\n\n<\/div><div class=\"image-gallery 52579\">\n    <div class=\"container\">\n        <div class=\"row\">\n            <div class=\"col-12\">\n                <p class=\"title\">Kuvagalleria<\/p>\n            <\/div>\n            <div class=\"col-12 image-gallery-grid \">\n\n                                                    <div>\n                                                <img decoding=\"async\" class=\"image \"\n                                                    src=\"https:\/\/betoni.com\/lehti\/wp-content\/uploads\/sites\/4\/2023\/02\/Vernissaranta_Varitehtaanranta-1920x1308_02_kuva_Pyry_Kantonen.jpg\"\n                                                    alt=\"H\u00e4m\u00e4r\u00e4n laskeutuessa vanha piippu, padon n\u00e4k\u00f6alatasanteet, puiden lehv\u00e4st\u00f6 ja rantareittej\u00e4 valaistaan korostavalla matalalla valolla. Kuva: Pyry Kantonen \/ Kuvatoimisto Kuvio Oy\" key=\"0\" \/>\n                                                                                    <\/div>\n                                                    <div>\n                                                <img decoding=\"async\" class=\"image \"\n                                                    src=\"https:\/\/betoni.com\/lehti\/wp-content\/uploads\/sites\/4\/2023\/03\/Vernissaranta_Varitehtaanranta-1920x1308_10_kuva_Pyry_Kantonen.jpg\"\n                                                    alt=\"Alueen suuret puut, jotka varjostavat joenrantoja, on s\u00e4ilytetty. Ranta-alueen luontaista kasvillisuutta on vahvistettu ja monipuolistettu. Kuva: Pyry Kantonen \/ Kuvatoimisto Kuvio Oy\" key=\"1\" \/>\n                                                                                    <\/div>\n                                                    <div>\n                                                <img decoding=\"async\" class=\"image \"\n                                                    src=\"https:\/\/betoni.com\/lehti\/wp-content\/uploads\/sites\/4\/2023\/02\/Vernissaranta_Varitehtaanranta-1920x1308_04_kuva_Pyry_Kantonen.jpg\"\n                                                    alt=\"Vernissasilta asettuu osaksi Vernissan ja junaradan milj\u00f6\u00f6t\u00e4 p\u00e4\u00e4rautatien it\u00e4puolelle yhdist\u00e4en puistoalueet toisiinsa. Kuvassa vasemmalla ratasilta.  Kuva: Pyry Kantonen \/ Kuvatoimisto Kuvio Oy\" key=\"2\" \/>\n                                                                                    <\/div>\n                                                    <div class=\"plus-other-images\">\n                                                <img decoding=\"async\" class=\"image \"\n                                                    src=\"https:\/\/betoni.com\/lehti\/wp-content\/uploads\/sites\/4\/2023\/03\/Vernissaranta_Varitehtaanranta-1920x1308_11_kuva_Pyry_Kantonen.jpg\"\n                                                    alt=\"Vernissasillan veistokselliset ter\u00e4skaiteet ja k\u00e4sitellyt betonipinnat erottuvat ymp\u00e4rist\u00f6st\u00e4 l\u00e4mpim\u00e4ns\u00e4vyisen\u00e4 maamerkkin\u00e4. Kuva: Pyry Kantonen \/ Kuvatoimisto Kuvio Oy\" key=\"3\" \/>\n                                                                                                    <span class=\"plus-other-images-overlay\">\n                                                        +1                                                    <\/span>\n                                                                                    <\/div>\n                            <\/div>\n        <\/div>\n    <\/div>\n    <div class=\"gallery-popup\">\n        <div class=\"container-fluid\">\n            <div class=\"row\">\n                <div class=\"col-md-8\">\n                    <div class=\"w-100 position-relative\">\n                        <button class=\"button-image button-image-prev\">\n                            <img decoding=\"async\" src=\"https:\/\/betoni.com\/lehti\/wp-content\/themes\/pt-betoni-theme\/assets\/images\/ic-chevron-left.svg\" \/>\n                        <\/button>\n                        <button class=\"button-image button-image-next\">\n                            <img decoding=\"async\" src=\"https:\/\/betoni.com\/lehti\/wp-content\/themes\/pt-betoni-theme\/assets\/images\/ic-chevron-right.svg\" \/>\n                        <\/button>\n                    <\/div>\n                    <div class=\"row title-row\">\n                        <div class=\"col-8\">\n                            <p class=\"alt_text\">H\u00e4m\u00e4r\u00e4n laskeutuessa vanha piippu, padon n\u00e4k\u00f6alatasanteet, puiden lehv\u00e4st\u00f6 ja rantareittej\u00e4 valaistaan korostavalla matalalla valolla. Kuva: Pyry Kantonen \/ Kuvatoimisto Kuvio Oy<\/p>\n                        <\/div>\n                        <div class=\"col-4\">\n                            <a class=\"close-gallery\">X<\/a>\n                        <\/div>\n                    <\/div>\n                    <img decoding=\"async\" class=\"gallery-image\" src=\"https:\/\/betoni.com\/lehti\/wp-content\/uploads\/sites\/4\/2023\/02\/Vernissaranta_Varitehtaanranta-1920x1308_02_kuva_Pyry_Kantonen.jpg\" alt=\"H\u00e4m\u00e4r\u00e4n laskeutuessa vanha piippu, padon n\u00e4k\u00f6alatasanteet, puiden lehv\u00e4st\u00f6 ja rantareittej\u00e4 valaistaan korostavalla matalalla valolla. Kuva: Pyry Kantonen \/ Kuvatoimisto Kuvio Oy\" \/>\n                <\/div>\n                <div class=\"col-md-4\">\n                    <div class=\"gallery-sidebar\">\n                                                    <img decoding=\"async\" class=\"sidebar-image\" src=\"https:\/\/betoni.com\/lehti\/wp-content\/uploads\/sites\/4\/2023\/02\/Vernissaranta_Varitehtaanranta-1920x1308_02_kuva_Pyry_Kantonen.jpg\" alt=\"H\u00e4m\u00e4r\u00e4n laskeutuessa vanha piippu, padon n\u00e4k\u00f6alatasanteet, puiden lehv\u00e4st\u00f6 ja rantareittej\u00e4 valaistaan korostavalla matalalla valolla. Kuva: Pyry Kantonen \/ Kuvatoimisto Kuvio Oy\" key=\"0\" \/>\n                                                    <img decoding=\"async\" class=\"sidebar-image\" src=\"https:\/\/betoni.com\/lehti\/wp-content\/uploads\/sites\/4\/2023\/03\/Vernissaranta_Varitehtaanranta-1920x1308_10_kuva_Pyry_Kantonen.jpg\" alt=\"Alueen suuret puut, jotka varjostavat joenrantoja, on s\u00e4ilytetty. Ranta-alueen luontaista kasvillisuutta on vahvistettu ja monipuolistettu. Kuva: Pyry Kantonen \/ Kuvatoimisto Kuvio Oy\" key=\"1\" \/>\n                                                    <img decoding=\"async\" class=\"sidebar-image\" src=\"https:\/\/betoni.com\/lehti\/wp-content\/uploads\/sites\/4\/2023\/02\/Vernissaranta_Varitehtaanranta-1920x1308_04_kuva_Pyry_Kantonen.jpg\" alt=\"Vernissasilta asettuu osaksi Vernissan ja junaradan milj\u00f6\u00f6t\u00e4 p\u00e4\u00e4rautatien it\u00e4puolelle yhdist\u00e4en puistoalueet toisiinsa. Kuvassa vasemmalla ratasilta.  Kuva: Pyry Kantonen \/ Kuvatoimisto Kuvio Oy\" key=\"2\" \/>\n                                                    <img decoding=\"async\" class=\"sidebar-image\" src=\"https:\/\/betoni.com\/lehti\/wp-content\/uploads\/sites\/4\/2023\/03\/Vernissaranta_Varitehtaanranta-1920x1308_11_kuva_Pyry_Kantonen.jpg\" alt=\"Vernissasillan veistokselliset ter\u00e4skaiteet ja k\u00e4sitellyt betonipinnat erottuvat ymp\u00e4rist\u00f6st\u00e4 l\u00e4mpim\u00e4ns\u00e4vyisen\u00e4 maamerkkin\u00e4. Kuva: Pyry Kantonen \/ Kuvatoimisto Kuvio Oy\" key=\"3\" \/>\n                                                    <img decoding=\"async\" class=\"sidebar-image\" src=\"https:\/\/betoni.com\/lehti\/wp-content\/uploads\/sites\/4\/2023\/02\/Vernissaranta_Varitehtaanranta-1920x1308_06_kuva_Pyry_Kantonen.jpg\" alt=\"Vernissasillan pehme\u00e4 valo heijastelee my\u00f6s viereisen ratasillan alle, joka oli ennen h\u00e4m\u00e4r\u00e4 ja turvaton katvealue. Kuva: Pyry Kantonen \/ Kuvatoimisto Kuvio Oy\" key=\"4\" \/>\n                                            <\/div>\n                <\/div>\n            <\/div>\n        <\/div>\n    <\/div>\n<\/div>\n\n<script>\n    jQuery(document).ready(() => {\n        jQuery('.image-gallery.52579 .gallery-popup').hide();\n        jQuery('.image-gallery.52579 .image').click((e) => {\n            jQuery('.image-gallery.52579 .gallery-popup .alt_text').html(jQuery(e.target).attr('alt'));\n            jQuery('.image-gallery.52579 .gallery-popup .gallery-image').attr('alt', jQuery(e.target).attr('alt'));\n            jQuery('.image-gallery.52579 .gallery-popup .gallery-image').attr('src', jQuery(e.target).attr('src'));\n            jQuery('.image-gallery.52579 .gallery-popup').show();\n            currentImage = jQuery(e.target).attr('key');\n        })\n        jQuery('.image-gallery.52579 .gallery-popup .sidebar-image').click((e) => {\n            jQuery('.image-gallery.52579 .gallery-popup .alt_text').html(jQuery(e.target).attr('alt'));\n            jQuery('.image-gallery.52579 .gallery-popup .gallery-image').attr('alt', jQuery(e.target).attr('alt'));\n            jQuery('.image-gallery.52579 .gallery-popup .gallery-image').attr('src', jQuery(e.target).attr('src'));\n            currentImage = jQuery(e.target).attr('key');\n        })\n        jQuery('.image-gallery.52579 .gallery-popup .close-gallery').click(() => {\n            jQuery('.image-gallery.52579 .gallery-popup').hide();\n        })\n\n        var theImages = [{\"alt_text\":\"H\\u00e4m\\u00e4r\\u00e4n laskeutuessa vanha piippu, padon n\\u00e4k\\u00f6alatasanteet, puiden lehv\\u00e4st\\u00f6 ja rantareittej\\u00e4 valaistaan korostavalla matalalla valolla. Kuva: Pyry Kantonen \\\/ Kuvatoimisto Kuvio Oy\",\"image\":\"https:\\\/\\\/betoni.com\\\/lehti\\\/wp-content\\\/uploads\\\/sites\\\/4\\\/2023\\\/02\\\/Vernissaranta_Varitehtaanranta-1920x1308_02_kuva_Pyry_Kantonen.jpg\"},{\"alt_text\":\"Alueen suuret puut, jotka varjostavat joenrantoja, on s\\u00e4ilytetty. Ranta-alueen luontaista kasvillisuutta on vahvistettu ja monipuolistettu. Kuva: Pyry Kantonen \\\/ Kuvatoimisto Kuvio Oy\",\"image\":\"https:\\\/\\\/betoni.com\\\/lehti\\\/wp-content\\\/uploads\\\/sites\\\/4\\\/2023\\\/03\\\/Vernissaranta_Varitehtaanranta-1920x1308_10_kuva_Pyry_Kantonen.jpg\"},{\"alt_text\":\"Vernissasilta asettuu osaksi Vernissan ja junaradan milj\\u00f6\\u00f6t\\u00e4 p\\u00e4\\u00e4rautatien it\\u00e4puolelle yhdist\\u00e4en puistoalueet toisiinsa. Kuvassa vasemmalla ratasilta.  Kuva: Pyry Kantonen \\\/ Kuvatoimisto Kuvio Oy\",\"image\":\"https:\\\/\\\/betoni.com\\\/lehti\\\/wp-content\\\/uploads\\\/sites\\\/4\\\/2023\\\/02\\\/Vernissaranta_Varitehtaanranta-1920x1308_04_kuva_Pyry_Kantonen.jpg\"},{\"alt_text\":\"Vernissasillan veistokselliset ter\\u00e4skaiteet ja k\\u00e4sitellyt betonipinnat erottuvat ymp\\u00e4rist\\u00f6st\\u00e4 l\\u00e4mpim\\u00e4ns\\u00e4vyisen\\u00e4 maamerkkin\\u00e4. Kuva: Pyry Kantonen \\\/ Kuvatoimisto Kuvio Oy\",\"image\":\"https:\\\/\\\/betoni.com\\\/lehti\\\/wp-content\\\/uploads\\\/sites\\\/4\\\/2023\\\/03\\\/Vernissaranta_Varitehtaanranta-1920x1308_11_kuva_Pyry_Kantonen.jpg\"},{\"alt_text\":\"Vernissasillan pehme\\u00e4 valo heijastelee my\\u00f6s viereisen ratasillan alle, joka oli ennen h\\u00e4m\\u00e4r\\u00e4 ja turvaton katvealue. Kuva: Pyry Kantonen \\\/ Kuvatoimisto Kuvio Oy\",\"image\":\"https:\\\/\\\/betoni.com\\\/lehti\\\/wp-content\\\/uploads\\\/sites\\\/4\\\/2023\\\/02\\\/Vernissaranta_Varitehtaanranta-1920x1308_06_kuva_Pyry_Kantonen.jpg\"}];\n        var currentImage = 0;\n\n        jQuery('.image-gallery.52579 .gallery-popup .button-image-next').click(() => {\n            if (currentImage < theImages.length - 1) {\n                currentImage++;\n            } else {\n                currentImage = 0;\n            }\n            changeImage();\n        })\n        jQuery('.image-gallery.52579 .gallery-popup .button-image-prev').click(() => {\n            if (currentImage > 0) {\n                currentImage--;\n            } else {\n                currentImage = theImages.length - 1;\n            }\n            changeImage();\n        })\n\n        function changeImage() {\n            jQuery('.image-gallery.52579 .gallery-popup .alt_text').html(theImages[currentImage].alt_text);\n            jQuery('.image-gallery.52579 .gallery-popup .gallery-image').attr('alt', theImages[currentImage].alt_text);\n            jQuery('.image-gallery.52579 .gallery-popup .gallery-image').attr('src', theImages[currentImage].image);\n        }\n\n        document.onkeydown = function(event) {\n            switch (event.keyCode) {\n                case 27: \/\/ ESC closes popup\n                    jQuery('.image-gallery .gallery-popup').hide();\n                    break;\n                case 37:\n                    jQuery('.image-gallery .gallery-popup .button-image-prev').click();\n                    break;\n                case 39:\n                    jQuery('.image-gallery .gallery-popup .button-image-next').click();\n                    break;\n            }\n        };\n    })\n<\/script>\n<style>\n  .plus-other-images {position:relative;cursor:pointer;}\n.plus-other-images img {opacity: 0.5;filter:grayscale(100%);}\n.plus-other-images-overlay {display: block;position: absolute;top: 50%;left: 50%;transform: translate(-50%, -50%);color: #000;font-size: 4em;font-weight: 600;pointer-events: none;z-index: 2;text-shadow: 2px 2px 2px rgba(0,0,0,0.15);}\n.gallery-popup .button-image {z-index: 3;}\n<\/style>\n<div class='container'>\n\n<\/div>\n<div class=\"container rand-1975387091\">\n    <div class=\"row\">\n        <div class=\"col-12\">\n            <div class=\"block-content-with-background-colour\" style=\"background-color: #EAEAEA\">\n                <p class=\"subtitle\"><strong style=\"color: #333F46\"><\/strong><\/p>\n                <h3 class=\"title\" style=\"color: #333F46\">Tikkurilankosken puistoalueet: Vernissaranta, V\u00e4ritehtaanranta sek\u00e4 Vernissasilta, Vantaa<\/h3>\n                <div class=\"content\">\n                    <p><strong>Tilaaja:<\/strong> Vantaan kaupunki<br \/>\n<strong>Maisemasuunnittelu:<\/strong> Loci Maisema-arkkitehdit Oy<br \/>\n<strong>Muut suunnittelijat:<\/strong> Insin\u00f6\u00f6ritoimisto Pontek Oy (rakennesuunnittelu, Vernissasilta ja rakenteet), Vahanen suunnittelupalvelut Oy (rakennesuunnittelu, puistorakenteet), Lighting Design Collective Oy (valaistussuunnittelu), Sipti Infra Oy (hulevesi- ja geosuunnittelu), Licon-AT (s\u00e4hk\u00f6suunnittelu), Ramboll Oy (padon purkaminen)<br \/>\n<strong>Projektinjohto ja padon purku:<\/strong> Ramboll Oy<br \/>\n<strong>P\u00e4\u00e4urakoitsijat:<\/strong> Kreate Oy (Vernissasilta), Hyvink\u00e4\u00e4n tieliuska Oy (Vernissaranta ja V\u00e4ritehtaan ranta)<\/p>\n<p><strong>Vuoden Ymp\u00e4rist\u00f6rakenne -kilpailu<\/strong><\/p>\n<p>Vuoden Ymp\u00e4rist\u00f6rakenne -palkinnon my\u00f6nt\u00e4v\u00e4t Betoniteollisuus ry, Kivi ry ja Puutarhaliitto ry tunnustuksena ansiokkaasta rakennetun ymp\u00e4rist\u00f6n suunnittelusta ja toteutuksesta. Tunnustus on jaettu ensimm\u00e4isen kerran vuonna 1992. Tuomaristo muodostetaan seuraavien tahojen edustajista: Suomen Arkkitehtiliitto, Ymp\u00e4rist\u00f6ministeri\u00f6, Suomen Maisema-arkkitehtiliitto, Viherymp\u00e4rist\u00f6liitto, Viher- ja ymp\u00e4rist\u00f6rakentajat, lehdist\u00f6 sek\u00e4 kilpailun j\u00e4rjest\u00e4j\u00e4t.<\/p>\n<p><strong>Lis\u00e4tietoja:<\/strong><\/p>\n<p>Milla Hakari, voittajakohteen p\u00e4\u00e4suunnittelija, johtava suunnittelija,<br \/>\nLoci Maisema-arkkitehdit Oy<br \/>\n<a href=\"mailto:milla.hakari@loci.fi\" target=\"_blank\" rel=\"noopener\">milla.hakari@loci.fi<\/a><br \/>\npuh. 050 350 6588<\/p>\n<p>Heidi Burjam, voittajakohteen tilaaja, puistosuunnittelup\u00e4\u00e4llikk\u00f6,<br \/>\nVantaan kaupunki<br \/>\n<a href=\"mailto:heidi.burjam@vantaa.fi\" target=\"_blank\" rel=\"noopener\">heidi.burjam@vantaa.fi<\/a><br \/>\npuh. 043 825 2343<\/p>\n                <\/div>\n                                <div class=\"content\">\n                                    <\/div>\n            <\/div>\n        <\/div>\n    <\/div>\n<\/div>\n<style>\n    .rand-1975387091 .block-content-with-background-colour .content p,\n    .rand-1975387091 .block-content-with-background-colour figcaption,\n    .rand-1975387091 .block-content-with-background-colour .content ul li,\n    .rand-1975387091 .block-content-with-background-colour .content strong {\n        color: #333F46 !important;\n    }\n<\/style><div class='container'>\n\n\n<h2 class=\"wp-block-heading\">Tikkurilankosken puistoalueet: Vernissaranta, V\u00e4ritehtaanranta sek\u00e4 Vernissasilta<\/h2>\n\n\n\n<p>Tikkurilan jokirantapuisto sijaitsee Vantaalla Keranvanjoen varrella aivan Tikkurilan keskustassa. Tikkurilankoskea reunustavat puistoalueet Vernissaranta, V\u00e4ritehtaanranta sek\u00e4 joen yli rakennettu Vernissasilta muodostavat uuden rantapuistokokonaisuuden Tikkurilaan, rautatien it\u00e4puolelle.<\/p>\n\n\n\n<p>Teollistumisen my\u00f6t\u00e4 joki tarjosi otollisen sijainnin vett\u00e4 ja voimaa k\u00e4ytt\u00e4ville teollisuuslaitoksille. Kaupungin kasvaessa teollinen toiminta siirtyi muualle ja joki rantoineen haluttiin kaupunkilaisten k\u00e4ytt\u00f6\u00f6n.<\/p>\n\n\n\n<p>Uusi rantapuisto on vehre\u00e4 keidas, joka muodostaa vastaparin tiiviille Tikkurilan keskustalle. Monimuotoinen jokiluonto ja teollisuushistorian tunnelma kohtaavat uuden maisema-arkkitehtuurin.<\/p>\n\n\n\n<p>Vernissarannan ja V\u00e4ritehtaanrannan puistoalueet sijaitsevat ikonisen kulttuurikeskus Vernissan l\u00e4heisyydess\u00e4, jossa sijaitsee my\u00f6s vanha pato, vernissanpolttoon aikoinaan k\u00e4ytetty ja nyt kunnostettu suuri piippu, sek\u00e4 vanha palokalustorakennus. Uusi puisto on sovitettu t\u00e4h\u00e4n kulttuurihistorialliseen yhteyteen tuoden ihmiset rannan l\u00e4heisyyteen nauttimaan virtaavasta joesta ja sen luonnosta.<\/p>\n\n\n\n<p>Tikkurilan jokirannan suunnitelmat perustuvat vuonna 2015-2016 j\u00e4rjestetyn maisema-arkkitehtuurin suunnittelukilpailun voittajaty\u00f6h\u00f6n nimelt\u00e4 \u201dKeidas\u201d, jonka tekij\u00e4 oli Loci Maisema-arkkitehdit Oy ty\u00f6ryhmineen.<\/p>\n\n\n\n<p>Suunnitelman tavoitteena oli vahvistaa kaikkien lajien viihtymist\u00e4 alueella. Tikkurilankosken padon vesi vapautettiin virtaamaan luonnollisesti ja mahdollistamaan taimenten luontainen nousu Tikkurilankoskessa. Ennen puiston rakentamista vanha pato oli purettu vuonna 2019 Rambollin suunnitelman mukaisesti, mik\u00e4 toi runsaasti puistopinta-alaa uuteen k\u00e4ytt\u00f6\u00f6n. Joen koski ennallistettiin luonnonmukaisen kaltaiseksi, ja muodostaa ymp\u00e4r\u00f6ivien puistojen syd\u00e4men. Suunnitelmassa s\u00e4ilytettiin alueen suuret puut, jotka varjostavat joenrantoja. Puilla on suuri ekologinen arvo alueen luonnolle.<\/p>\n\n\n\n<figure class=\"wp-block-image size-full\"><img loading=\"lazy\" decoding=\"async\" width=\"1920\" height=\"1080\" src=\"https:\/\/betoni.com\/lehti\/wp-content\/uploads\/sites\/4\/2023\/03\/Vernissaranta_Varitehtaanranta-1920x1080px_kuva_Pyry_Loci-Maisema-arkkitehdit-Oy.jpg\" alt=\"\" class=\"wp-image-24292\" srcset=\"https:\/\/betoni.com\/lehti\/wp-content\/uploads\/sites\/4\/2023\/03\/Vernissaranta_Varitehtaanranta-1920x1080px_kuva_Pyry_Loci-Maisema-arkkitehdit-Oy.jpg 1920w, https:\/\/betoni.com\/lehti\/wp-content\/uploads\/sites\/4\/2023\/03\/Vernissaranta_Varitehtaanranta-1920x1080px_kuva_Pyry_Loci-Maisema-arkkitehdit-Oy-800x450.jpg 800w, https:\/\/betoni.com\/lehti\/wp-content\/uploads\/sites\/4\/2023\/03\/Vernissaranta_Varitehtaanranta-1920x1080px_kuva_Pyry_Loci-Maisema-arkkitehdit-Oy-300x169.jpg 300w, https:\/\/betoni.com\/lehti\/wp-content\/uploads\/sites\/4\/2023\/03\/Vernissaranta_Varitehtaanranta-1920x1080px_kuva_Pyry_Loci-Maisema-arkkitehdit-Oy-768x432.jpg 768w, https:\/\/betoni.com\/lehti\/wp-content\/uploads\/sites\/4\/2023\/03\/Vernissaranta_Varitehtaanranta-1920x1080px_kuva_Pyry_Loci-Maisema-arkkitehdit-Oy-1536x864.jpg 1536w\" sizes=\"auto, (max-width: 1920px) 100vw, 1920px\" \/><figcaption>Virtaavan veden aiheuttama eroosio ja ajoittaiset tulvat on huomioitu rantojen suunnittelussa. Kosken kivikkoalueet saavat vapaasti kehitty\u00e4 luonnonmukaiseksi virtavesiymp\u00e4rist\u00f6ksi. Kuva: Loci Maisema-arkkitehdit Oy.<\/figcaption><\/figure>\n\n\n\n<h3 class=\"wp-block-heading\">Luontoa kunnioittaen teollisuushistorian hengess\u00e4: Vernissaranta ja V\u00e4ritehtaanranta<\/h3>\n\n\n\n<p>Puiston uudet toiminnot on hienovaraisesti sovitettu jokiluontoon. Virtaavan veden eroosio ja ajoittaiset tulvat on huomioitu rantojen suunnittelussa. Rantakivikot, astinkivet ja oleskelutasanteet mahdollistavat p\u00e4\u00e4syn veden \u00e4\u00e4relle. Padon p\u00e4\u00e4tyihin on sijoitettu n\u00e4k\u00f6alapaikat ja kulkureitti padon ylitse. Rakenteiden muotokieli on sovitettu teollisuushistorian tunnelmaan kulttuurihistoriallisesti arvokkaaseen ymp\u00e4rist\u00f6\u00f6n. Puretun padon kivi\u00e4 on k\u00e4ytetty uudelleen puiston rakentamisessa mm astinkivin\u00e4 ja istuinmuureina.<\/p>\n\n\n\n<p>Joen molemmin puolin on rakennettu kulkuyhteydet rantaviivaa seuraillen. Vernissarannan maatiilell\u00e4 kivetty puistok\u00e4yt\u00e4v\u00e4 yhdist\u00e4\u00e4 vanhat teollisuusrakennukset Vernissan, palokalustovaraston ja polttouunin piipun. Padon p\u00e4\u00e4see ylitt\u00e4m\u00e4\u00e4n ter\u00e4srakenteista siltaa pitkin. T\u00e4m\u00e4 \u201dpiknikranta\u201d grilleineen ja p\u00f6ytineen on tunnelmallinen n\u00e4k\u00f6alapaikka jokiel\u00e4m\u00e4lle, varsinkin iltah\u00e4m\u00e4r\u00e4n ja tunnelmallisen valaistuksen aikana. Tiilireitilt\u00e4 voi poiketa astinkivi\u00e4 pitkin veden \u00e4\u00e4relle ja oleskelemaan vanhan padon puretuista kivist\u00e4 tehdyille istumapaikoille. Vanha, historiallinen piippu on kunnostettuna ja valaistuna uusi maamerkki ja sen py\u00f6re\u00e4 muoto toistuu rannan py\u00f6reiss\u00e4, maatiilip\u00e4\u00e4llysteisiss\u00e4 piknikp\u00f6ydiss\u00e4.<\/p>\n\n\n\n<h3 class=\"wp-block-heading\">V\u00e4ritehtaanrannassa on huomioitu uudet ja vanhat rakenteet<\/h3>\n\n\n\n<p>Vernissanrantaa vastap\u00e4\u00e4t\u00e4 oleva V\u00e4ritehtaanranta on luonteeltaan luonnonmukaisempi. Puustoa on s\u00e4ilytetty runsaasti ja uudet rakenteet sijoitettu hienovaraisesti maisemaan.<\/p>\n\n\n\n<p>V\u00e4ritehtaanrannan lampi tyhjennettiin ja sen pohjasta poistettiin sedimentti\u00e4 eli veden mukana kulkeutunutta hienojakoista hiekkaa ja savea.<\/p>\n\n\n\n<p>Nykyinen maisemalampi on kunnostettu ja sen rannalle rakennettu uusi oleskelutasanne. Tasanne k\u00e4tkee alleen suuren hulevesiputken p\u00e4\u00e4n, jota pitkin lampeen johtuu hulevesi\u00e4 laajalta alueelta. Vedenlaatua lammessa parannetaan biosuodattamolla, joka k\u00e4tkeytyy t\u00e4m\u00e4n uuden oleskelulaiturin alle hulevesiputken p\u00e4\u00e4tteeseen.<\/p>\n\n\n\n<p>Puistoon on suunniteltu my\u00f6s taideaihe osana maisema-arkkitehtuuria: \u201dJokirannan polut\u201d-graafisesta betonista toteutettu taidelaatta, joka kuvittaa joen el\u00e4imist\u00f6\u00e4 ja kasvistoa.<\/p>\n\n\n\n<p>Suunnittelussa on noudatettu kest\u00e4v\u00e4n ymp\u00e4rist\u00f6rakentamisen suunnitteluperiaatteita. Ranta-alueen luontaista kasvillisuutta on vahvistettu ja monipuolistettu kylv\u00e4m\u00e4ll\u00e4 erilaisia niittyj\u00e4, jokiymp\u00e4rist\u00f6ss\u00e4 viihtyvi\u00e4 perennoja sek\u00e4 sipulikukkia. Padosta purettua ja V\u00e4ritehtaanrannan nykyist\u00e4 kivimateriaalia on hy\u00f6dynnetty runsaasti puistojen uusissa rakenteissa. Joenrannan kivikkoalueet on j\u00e4tetty vapaasti kehittym\u00e4\u00e4n luonnonmukaisen rantaymp\u00e4rist\u00f6n aikaansaamiseksi. Haastetta suunnitteluun on tuonut mm. Keravanjoen tulvimisen huomiointi ja voimakas eroosio, joessa el\u00e4v\u00e4t vuollejokisimpukat sek\u00e4 Vernissarannan pilaantuneet maa-alueet.<\/p>\n\n\n\n<figure class=\"wp-block-gallery has-nested-images columns-default is-cropped wp-block-gallery-1 is-layout-flex wp-block-gallery-is-layout-flex\">\n<figure class=\"wp-block-image size-large\"><a href=\"https:\/\/betoni.com\/lehti\/wp-content\/uploads\/sites\/4\/2023\/03\/Vernissaranta_Varitehtaanranta-980x1191px.jpg\"><img loading=\"lazy\" decoding=\"async\" width=\"980\" height=\"1191\" data-id=\"24296\" src=\"https:\/\/betoni.com\/lehti\/wp-content\/uploads\/sites\/4\/2023\/03\/Vernissaranta_Varitehtaanranta-980x1191px.jpg\" alt=\"\" class=\"wp-image-24296\" srcset=\"https:\/\/betoni.com\/lehti\/wp-content\/uploads\/sites\/4\/2023\/03\/Vernissaranta_Varitehtaanranta-980x1191px.jpg 980w, https:\/\/betoni.com\/lehti\/wp-content\/uploads\/sites\/4\/2023\/03\/Vernissaranta_Varitehtaanranta-980x1191px-658x800.jpg 658w, https:\/\/betoni.com\/lehti\/wp-content\/uploads\/sites\/4\/2023\/03\/Vernissaranta_Varitehtaanranta-980x1191px-247x300.jpg 247w, https:\/\/betoni.com\/lehti\/wp-content\/uploads\/sites\/4\/2023\/03\/Vernissaranta_Varitehtaanranta-980x1191px-768x933.jpg 768w\" sizes=\"auto, (max-width: 980px) 100vw, 980px\" \/><\/a><figcaption>Uusi rantapuisto on vehre\u00e4 keidas, joka muodostaa vastaparin tiiviille Tikkurilan keskustalle.<\/figcaption><\/figure>\n\n\n\n<figure class=\"wp-block-image size-large\"><a href=\"https:\/\/betoni.com\/lehti\/wp-content\/uploads\/sites\/4\/2023\/03\/Vernissaranta_Varitehtaanranta-980x1219px.jpg\"><img loading=\"lazy\" decoding=\"async\" width=\"980\" height=\"1219\" data-id=\"24295\" src=\"https:\/\/betoni.com\/lehti\/wp-content\/uploads\/sites\/4\/2023\/03\/Vernissaranta_Varitehtaanranta-980x1219px.jpg\" alt=\"\" class=\"wp-image-24295\" srcset=\"https:\/\/betoni.com\/lehti\/wp-content\/uploads\/sites\/4\/2023\/03\/Vernissaranta_Varitehtaanranta-980x1219px.jpg 980w, https:\/\/betoni.com\/lehti\/wp-content\/uploads\/sites\/4\/2023\/03\/Vernissaranta_Varitehtaanranta-980x1219px-643x800.jpg 643w, https:\/\/betoni.com\/lehti\/wp-content\/uploads\/sites\/4\/2023\/03\/Vernissaranta_Varitehtaanranta-980x1219px-241x300.jpg 241w, https:\/\/betoni.com\/lehti\/wp-content\/uploads\/sites\/4\/2023\/03\/Vernissaranta_Varitehtaanranta-980x1219px-768x955.jpg 768w\" sizes=\"auto, (max-width: 980px) 100vw, 980px\" \/><\/a><figcaption>Padosta purettua ja V\u00e4ritehtaanrannan nykyist\u00e4 kivimateriaalia on hy\u00f6dynnetty uusissa rakenteissa.<\/figcaption><\/figure>\n<\/figure>\n\n\n\n<h3 class=\"wp-block-heading\">Veistoksellinen Vernissasilta<\/h3>\n\n\n\n<p>Vernissasilta on uusi jokimaiseman maamerkki ja asettuu osaksi Vernissan ja radan milj\u00f6\u00f6t\u00e4, p\u00e4\u00e4rautatien it\u00e4puolelle yhdist\u00e4en kaksi uutta puistoaluetta toisiinsa. Veistokselliset corten-ter\u00e4ss\u00e4lekaiteet ja sillan umbrapatinointiv\u00e4rj\u00e4yksell\u00e4 k\u00e4sitelty betonipinta on valaistu n\u00e4ytt\u00e4v\u00e4sti iltaisin. T\u00e4m\u00e4 uusi k\u00e4velyja py\u00f6r\u00e4silta on jatkossa my\u00f6s pikapy\u00f6r\u00e4tie, osa Helsinkiin johtavaa py\u00f6r\u00e4ilyn laatuk\u00e4yt\u00e4v\u00e4\u00e4.<\/p>\n\n\n\n<p>Jatkossa joen suuntaisia kulkuyhteyksi\u00e4 jatketaan Vernissasillan ja ratasillan ali, jolloin jokirantapuiston p\u00e4\u00e4see kiert\u00e4m\u00e4\u00e4n kauttaaltaan rantaviivaa seuraillen.<\/p>\n\n\n\n<figure class=\"wp-block-image size-full\"><img loading=\"lazy\" decoding=\"async\" width=\"1920\" height=\"1308\" src=\"https:\/\/betoni.com\/lehti\/wp-content\/uploads\/sites\/4\/2023\/02\/Vernissaranta_Varitehtaanranta-1920x1308_kuva_Pyry_Kantonen.jpg\" alt=\"\" class=\"wp-image-23950\" srcset=\"https:\/\/betoni.com\/lehti\/wp-content\/uploads\/sites\/4\/2023\/02\/Vernissaranta_Varitehtaanranta-1920x1308_kuva_Pyry_Kantonen.jpg 1920w, https:\/\/betoni.com\/lehti\/wp-content\/uploads\/sites\/4\/2023\/02\/Vernissaranta_Varitehtaanranta-1920x1308_kuva_Pyry_Kantonen-800x545.jpg 800w, https:\/\/betoni.com\/lehti\/wp-content\/uploads\/sites\/4\/2023\/02\/Vernissaranta_Varitehtaanranta-1920x1308_kuva_Pyry_Kantonen-300x204.jpg 300w, https:\/\/betoni.com\/lehti\/wp-content\/uploads\/sites\/4\/2023\/02\/Vernissaranta_Varitehtaanranta-1920x1308_kuva_Pyry_Kantonen-768x523.jpg 768w, https:\/\/betoni.com\/lehti\/wp-content\/uploads\/sites\/4\/2023\/02\/Vernissaranta_Varitehtaanranta-1920x1308_kuva_Pyry_Kantonen-1536x1046.jpg 1536w\" sizes=\"auto, (max-width: 1920px) 100vw, 1920px\" \/><figcaption>Veden \u00e4\u00e4relle p\u00e4\u00e4see porrastettuja istuinportaita ja oleskelutasanteita pitkin. Kuva: Pyry Kantonen<\/figcaption><\/figure>\n","protected":false},"excerpt":{"rendered":"<p>Vuoden Ymp\u00e4rist\u00f6rakenne 2022 -kilpailun tulokset julkistettiin helmikuussa Viherp\u00e4ivill\u00e4. Voittajaksi valittiin Vantaalla sijaitsevat Tikkurilankosken puistoalueet: Vernissaranta, V\u00e4ritehtaanranta ja Vernissasilta. Kilpailun tarkoituksena on tehd\u00e4 tunnetuksi ja edist\u00e4\u00e4 korkeatasoisia ymp\u00e4rist\u00f6kokonaisuuksia, joissa hyv\u00e4ll\u00e4 suunnittelulla ja toteutuksella on luotu esteettisesti ja toiminnallisesti kest\u00e4v\u00e4, hyv\u00e4 ymp\u00e4rist\u00f6.<\/p>\n","protected":false},"author":3,"featured_media":24807,"comment_status":"closed","ping_status":"closed","sticky":false,"template":"","format":"standard","meta":{"_acf_changed":false,"footnotes":""},"categories":[6],"tags":[69,51],"class_list":["post-24259","post","type-post","status-publish","format-standard","has-post-thumbnail","hentry","category-infra-ja-ymparistorakentaminen","tag-kilpailut","tag-ymparistorakentaminen"],"acf":[],"yoast_head":"<!-- This site is optimized with the Yoast SEO plugin v27.2 - https:\/\/yoast.com\/product\/yoast-seo-wordpress\/ -->\n<title>Vuoden Ymp\u00e4rist\u00f6rakenne 2022: Vantaan Tikkurilankosken puistoalueet - Betoni-lehti<\/title>\n<meta name=\"robots\" content=\"index, follow, max-snippet:-1, max-image-preview:large, max-video-preview:-1\" \/>\n<link rel=\"canonical\" href=\"https:\/\/betoni.com\/lehti\/2023\/03\/03\/vuoden-ymparistorakenne-2022-vantaan-tikkurilankosken-puistoalueet\/\" \/>\n<meta property=\"og:locale\" content=\"fi_FI\" \/>\n<meta property=\"og:type\" content=\"article\" \/>\n<meta property=\"og:title\" content=\"Vuoden Ymp\u00e4rist\u00f6rakenne 2022: Vantaan Tikkurilankosken puistoalueet - Betoni-lehti\" \/>\n<meta property=\"og:description\" content=\"Vuoden Ymp\u00e4rist\u00f6rakenne 2022 -kilpailun tulokset julkistettiin helmikuussa Viherp\u00e4ivill\u00e4. Voittajaksi valittiin Vantaalla sijaitsevat Tikkurilankosken puistoalueet: Vernissaranta, V\u00e4ritehtaanranta ja Vernissasilta. Kilpailun tarkoituksena on tehd\u00e4 tunnetuksi ja edist\u00e4\u00e4 korkeatasoisia ymp\u00e4rist\u00f6kokonaisuuksia, joissa hyv\u00e4ll\u00e4 suunnittelulla ja toteutuksella on luotu esteettisesti ja toiminnallisesti kest\u00e4v\u00e4, hyv\u00e4 ymp\u00e4rist\u00f6.\" \/>\n<meta property=\"og:url\" content=\"https:\/\/betoni.com\/lehti\/2023\/03\/03\/vuoden-ymparistorakenne-2022-vantaan-tikkurilankosken-puistoalueet\/\" \/>\n<meta property=\"og:site_name\" content=\"Betoni-lehti\" \/>\n<meta property=\"article:published_time\" content=\"2023-03-03T10:30:32+00:00\" \/>\n<meta property=\"article:modified_time\" content=\"2023-03-10T13:20:13+00:00\" \/>\n<meta property=\"og:image\" content=\"https:\/\/betoni.com\/lehti\/wp-content\/uploads\/sites\/4\/2023\/03\/Vernissaranta_Varitehtaanranta-1920x1080px_kuva_Pyry_Kantonen-VYR_logo-768x432.jpg\" \/>\n\t<meta property=\"og:image:width\" content=\"768\" \/>\n\t<meta property=\"og:image:height\" content=\"432\" \/>\n\t<meta property=\"og:image:type\" content=\"image\/jpeg\" \/>\n<meta name=\"author\" content=\"Nina Loisalo\" \/>\n<meta name=\"twitter:card\" content=\"summary_large_image\" \/>\n<meta name=\"twitter:label1\" content=\"Written by\" \/>\n\t<meta name=\"twitter:data1\" content=\"Nina Loisalo\" \/>\n\t<meta name=\"twitter:label2\" content=\"Est. reading time\" \/>\n\t<meta name=\"twitter:data2\" content=\"8 minuuttia\" \/>\n<script type=\"application\/ld+json\" class=\"yoast-schema-graph\">{\"@context\":\"https:\/\/schema.org\",\"@graph\":[{\"@type\":\"Article\",\"@id\":\"https:\/\/betoni.com\/lehti\/2023\/03\/03\/vuoden-ymparistorakenne-2022-vantaan-tikkurilankosken-puistoalueet\/#article\",\"isPartOf\":{\"@id\":\"https:\/\/betoni.com\/lehti\/2023\/03\/03\/vuoden-ymparistorakenne-2022-vantaan-tikkurilankosken-puistoalueet\/\"},\"author\":{\"name\":\"Nina Loisalo\",\"@id\":\"https:\/\/betoni.com\/lehti\/#\/schema\/person\/48daa047cb90360f16de566098506c35\"},\"headline\":\"Vuoden Ymp\u00e4rist\u00f6rakenne 2022: Vantaan Tikkurilankosken puistoalueet\",\"datePublished\":\"2023-03-03T10:30:32+00:00\",\"dateModified\":\"2023-03-10T13:20:13+00:00\",\"mainEntityOfPage\":{\"@id\":\"https:\/\/betoni.com\/lehti\/2023\/03\/03\/vuoden-ymparistorakenne-2022-vantaan-tikkurilankosken-puistoalueet\/\"},\"wordCount\":1211,\"image\":{\"@id\":\"https:\/\/betoni.com\/lehti\/2023\/03\/03\/vuoden-ymparistorakenne-2022-vantaan-tikkurilankosken-puistoalueet\/#primaryimage\"},\"thumbnailUrl\":\"https:\/\/betoni.com\/lehti\/wp-content\/uploads\/sites\/4\/2023\/03\/Vernissaranta_Varitehtaanranta-1920x1080px_kuva_Pyry_Kantonen-VYR_logo.jpg\",\"keywords\":[\"kilpailut\",\"ymp\u00e4rist\u00f6rakentaminen\"],\"articleSection\":[\"Infra ja ymp\u00e4rist\u00f6rakentaminen\"],\"inLanguage\":\"fi\"},{\"@type\":\"WebPage\",\"@id\":\"https:\/\/betoni.com\/lehti\/2023\/03\/03\/vuoden-ymparistorakenne-2022-vantaan-tikkurilankosken-puistoalueet\/\",\"url\":\"https:\/\/betoni.com\/lehti\/2023\/03\/03\/vuoden-ymparistorakenne-2022-vantaan-tikkurilankosken-puistoalueet\/\",\"name\":\"Vuoden Ymp\u00e4rist\u00f6rakenne 2022: Vantaan Tikkurilankosken puistoalueet - Betoni-lehti\",\"isPartOf\":{\"@id\":\"https:\/\/betoni.com\/lehti\/#website\"},\"primaryImageOfPage\":{\"@id\":\"https:\/\/betoni.com\/lehti\/2023\/03\/03\/vuoden-ymparistorakenne-2022-vantaan-tikkurilankosken-puistoalueet\/#primaryimage\"},\"image\":{\"@id\":\"https:\/\/betoni.com\/lehti\/2023\/03\/03\/vuoden-ymparistorakenne-2022-vantaan-tikkurilankosken-puistoalueet\/#primaryimage\"},\"thumbnailUrl\":\"https:\/\/betoni.com\/lehti\/wp-content\/uploads\/sites\/4\/2023\/03\/Vernissaranta_Varitehtaanranta-1920x1080px_kuva_Pyry_Kantonen-VYR_logo.jpg\",\"datePublished\":\"2023-03-03T10:30:32+00:00\",\"dateModified\":\"2023-03-10T13:20:13+00:00\",\"author\":{\"@id\":\"https:\/\/betoni.com\/lehti\/#\/schema\/person\/48daa047cb90360f16de566098506c35\"},\"breadcrumb\":{\"@id\":\"https:\/\/betoni.com\/lehti\/2023\/03\/03\/vuoden-ymparistorakenne-2022-vantaan-tikkurilankosken-puistoalueet\/#breadcrumb\"},\"inLanguage\":\"fi\",\"potentialAction\":[{\"@type\":\"ReadAction\",\"target\":[\"https:\/\/betoni.com\/lehti\/2023\/03\/03\/vuoden-ymparistorakenne-2022-vantaan-tikkurilankosken-puistoalueet\/\"]}]},{\"@type\":\"ImageObject\",\"inLanguage\":\"fi\",\"@id\":\"https:\/\/betoni.com\/lehti\/2023\/03\/03\/vuoden-ymparistorakenne-2022-vantaan-tikkurilankosken-puistoalueet\/#primaryimage\",\"url\":\"https:\/\/betoni.com\/lehti\/wp-content\/uploads\/sites\/4\/2023\/03\/Vernissaranta_Varitehtaanranta-1920x1080px_kuva_Pyry_Kantonen-VYR_logo.jpg\",\"contentUrl\":\"https:\/\/betoni.com\/lehti\/wp-content\/uploads\/sites\/4\/2023\/03\/Vernissaranta_Varitehtaanranta-1920x1080px_kuva_Pyry_Kantonen-VYR_logo.jpg\",\"width\":1920,\"height\":1080},{\"@type\":\"BreadcrumbList\",\"@id\":\"https:\/\/betoni.com\/lehti\/2023\/03\/03\/vuoden-ymparistorakenne-2022-vantaan-tikkurilankosken-puistoalueet\/#breadcrumb\",\"itemListElement\":[{\"@type\":\"ListItem\",\"position\":1,\"name\":\"Home\",\"item\":\"https:\/\/betoni.com\/lehti\/\"},{\"@type\":\"ListItem\",\"position\":2,\"name\":\"Vuoden Ymp\u00e4rist\u00f6rakenne 2022: Vantaan Tikkurilankosken puistoalueet\"}]},{\"@type\":\"WebSite\",\"@id\":\"https:\/\/betoni.com\/lehti\/#website\",\"url\":\"https:\/\/betoni.com\/lehti\/\",\"name\":\"Betoni-lehti\",\"description\":\"Betoni ry:n verkkolehti\",\"potentialAction\":[{\"@type\":\"SearchAction\",\"target\":{\"@type\":\"EntryPoint\",\"urlTemplate\":\"https:\/\/betoni.com\/lehti\/?s={search_term_string}\"},\"query-input\":{\"@type\":\"PropertyValueSpecification\",\"valueRequired\":true,\"valueName\":\"search_term_string\"}}],\"inLanguage\":\"fi\"},{\"@type\":\"Person\",\"@id\":\"https:\/\/betoni.com\/lehti\/#\/schema\/person\/48daa047cb90360f16de566098506c35\",\"name\":\"Nina Loisalo\",\"url\":\"https:\/\/betoni.com\/lehti\/author\/nina-loisalorakennusteollisuus-fi\/\"}]}<\/script>\n<!-- \/ Yoast SEO plugin. -->","yoast_head_json":{"title":"Vuoden Ymp\u00e4rist\u00f6rakenne 2022: Vantaan Tikkurilankosken puistoalueet - Betoni-lehti","robots":{"index":"index","follow":"follow","max-snippet":"max-snippet:-1","max-image-preview":"max-image-preview:large","max-video-preview":"max-video-preview:-1"},"canonical":"https:\/\/betoni.com\/lehti\/2023\/03\/03\/vuoden-ymparistorakenne-2022-vantaan-tikkurilankosken-puistoalueet\/","og_locale":"fi_FI","og_type":"article","og_title":"Vuoden Ymp\u00e4rist\u00f6rakenne 2022: Vantaan Tikkurilankosken puistoalueet - Betoni-lehti","og_description":"Vuoden Ymp\u00e4rist\u00f6rakenne 2022 -kilpailun tulokset julkistettiin helmikuussa Viherp\u00e4ivill\u00e4. Voittajaksi valittiin Vantaalla sijaitsevat Tikkurilankosken puistoalueet: Vernissaranta, V\u00e4ritehtaanranta ja Vernissasilta. Kilpailun tarkoituksena on tehd\u00e4 tunnetuksi ja edist\u00e4\u00e4 korkeatasoisia ymp\u00e4rist\u00f6kokonaisuuksia, joissa hyv\u00e4ll\u00e4 suunnittelulla ja toteutuksella on luotu esteettisesti ja toiminnallisesti kest\u00e4v\u00e4, hyv\u00e4 ymp\u00e4rist\u00f6.","og_url":"https:\/\/betoni.com\/lehti\/2023\/03\/03\/vuoden-ymparistorakenne-2022-vantaan-tikkurilankosken-puistoalueet\/","og_site_name":"Betoni-lehti","article_published_time":"2023-03-03T10:30:32+00:00","article_modified_time":"2023-03-10T13:20:13+00:00","og_image":[{"width":768,"height":432,"url":"https:\/\/betoni.com\/lehti\/wp-content\/uploads\/sites\/4\/2023\/03\/Vernissaranta_Varitehtaanranta-1920x1080px_kuva_Pyry_Kantonen-VYR_logo-768x432.jpg","type":"image\/jpeg"}],"author":"Nina Loisalo","twitter_card":"summary_large_image","twitter_misc":{"Written by":"Nina Loisalo","Est. reading time":"8 minuuttia"},"schema":{"@context":"https:\/\/schema.org","@graph":[{"@type":"Article","@id":"https:\/\/betoni.com\/lehti\/2023\/03\/03\/vuoden-ymparistorakenne-2022-vantaan-tikkurilankosken-puistoalueet\/#article","isPartOf":{"@id":"https:\/\/betoni.com\/lehti\/2023\/03\/03\/vuoden-ymparistorakenne-2022-vantaan-tikkurilankosken-puistoalueet\/"},"author":{"name":"Nina Loisalo","@id":"https:\/\/betoni.com\/lehti\/#\/schema\/person\/48daa047cb90360f16de566098506c35"},"headline":"Vuoden Ymp\u00e4rist\u00f6rakenne 2022: Vantaan Tikkurilankosken puistoalueet","datePublished":"2023-03-03T10:30:32+00:00","dateModified":"2023-03-10T13:20:13+00:00","mainEntityOfPage":{"@id":"https:\/\/betoni.com\/lehti\/2023\/03\/03\/vuoden-ymparistorakenne-2022-vantaan-tikkurilankosken-puistoalueet\/"},"wordCount":1211,"image":{"@id":"https:\/\/betoni.com\/lehti\/2023\/03\/03\/vuoden-ymparistorakenne-2022-vantaan-tikkurilankosken-puistoalueet\/#primaryimage"},"thumbnailUrl":"https:\/\/betoni.com\/lehti\/wp-content\/uploads\/sites\/4\/2023\/03\/Vernissaranta_Varitehtaanranta-1920x1080px_kuva_Pyry_Kantonen-VYR_logo.jpg","keywords":["kilpailut","ymp\u00e4rist\u00f6rakentaminen"],"articleSection":["Infra ja ymp\u00e4rist\u00f6rakentaminen"],"inLanguage":"fi"},{"@type":"WebPage","@id":"https:\/\/betoni.com\/lehti\/2023\/03\/03\/vuoden-ymparistorakenne-2022-vantaan-tikkurilankosken-puistoalueet\/","url":"https:\/\/betoni.com\/lehti\/2023\/03\/03\/vuoden-ymparistorakenne-2022-vantaan-tikkurilankosken-puistoalueet\/","name":"Vuoden Ymp\u00e4rist\u00f6rakenne 2022: Vantaan Tikkurilankosken puistoalueet - Betoni-lehti","isPartOf":{"@id":"https:\/\/betoni.com\/lehti\/#website"},"primaryImageOfPage":{"@id":"https:\/\/betoni.com\/lehti\/2023\/03\/03\/vuoden-ymparistorakenne-2022-vantaan-tikkurilankosken-puistoalueet\/#primaryimage"},"image":{"@id":"https:\/\/betoni.com\/lehti\/2023\/03\/03\/vuoden-ymparistorakenne-2022-vantaan-tikkurilankosken-puistoalueet\/#primaryimage"},"thumbnailUrl":"https:\/\/betoni.com\/lehti\/wp-content\/uploads\/sites\/4\/2023\/03\/Vernissaranta_Varitehtaanranta-1920x1080px_kuva_Pyry_Kantonen-VYR_logo.jpg","datePublished":"2023-03-03T10:30:32+00:00","dateModified":"2023-03-10T13:20:13+00:00","author":{"@id":"https:\/\/betoni.com\/lehti\/#\/schema\/person\/48daa047cb90360f16de566098506c35"},"breadcrumb":{"@id":"https:\/\/betoni.com\/lehti\/2023\/03\/03\/vuoden-ymparistorakenne-2022-vantaan-tikkurilankosken-puistoalueet\/#breadcrumb"},"inLanguage":"fi","potentialAction":[{"@type":"ReadAction","target":["https:\/\/betoni.com\/lehti\/2023\/03\/03\/vuoden-ymparistorakenne-2022-vantaan-tikkurilankosken-puistoalueet\/"]}]},{"@type":"ImageObject","inLanguage":"fi","@id":"https:\/\/betoni.com\/lehti\/2023\/03\/03\/vuoden-ymparistorakenne-2022-vantaan-tikkurilankosken-puistoalueet\/#primaryimage","url":"https:\/\/betoni.com\/lehti\/wp-content\/uploads\/sites\/4\/2023\/03\/Vernissaranta_Varitehtaanranta-1920x1080px_kuva_Pyry_Kantonen-VYR_logo.jpg","contentUrl":"https:\/\/betoni.com\/lehti\/wp-content\/uploads\/sites\/4\/2023\/03\/Vernissaranta_Varitehtaanranta-1920x1080px_kuva_Pyry_Kantonen-VYR_logo.jpg","width":1920,"height":1080},{"@type":"BreadcrumbList","@id":"https:\/\/betoni.com\/lehti\/2023\/03\/03\/vuoden-ymparistorakenne-2022-vantaan-tikkurilankosken-puistoalueet\/#breadcrumb","itemListElement":[{"@type":"ListItem","position":1,"name":"Home","item":"https:\/\/betoni.com\/lehti\/"},{"@type":"ListItem","position":2,"name":"Vuoden Ymp\u00e4rist\u00f6rakenne 2022: Vantaan Tikkurilankosken puistoalueet"}]},{"@type":"WebSite","@id":"https:\/\/betoni.com\/lehti\/#website","url":"https:\/\/betoni.com\/lehti\/","name":"Betoni-lehti","description":"Betoni ry:n verkkolehti","potentialAction":[{"@type":"SearchAction","target":{"@type":"EntryPoint","urlTemplate":"https:\/\/betoni.com\/lehti\/?s={search_term_string}"},"query-input":{"@type":"PropertyValueSpecification","valueRequired":true,"valueName":"search_term_string"}}],"inLanguage":"fi"},{"@type":"Person","@id":"https:\/\/betoni.com\/lehti\/#\/schema\/person\/48daa047cb90360f16de566098506c35","name":"Nina Loisalo","url":"https:\/\/betoni.com\/lehti\/author\/nina-loisalorakennusteollisuus-fi\/"}]}},"_links":{"self":[{"href":"https:\/\/betoni.com\/lehti\/wp-json\/wp\/v2\/posts\/24259","targetHints":{"allow":["GET"]}}],"collection":[{"href":"https:\/\/betoni.com\/lehti\/wp-json\/wp\/v2\/posts"}],"about":[{"href":"https:\/\/betoni.com\/lehti\/wp-json\/wp\/v2\/types\/post"}],"author":[{"embeddable":true,"href":"https:\/\/betoni.com\/lehti\/wp-json\/wp\/v2\/users\/3"}],"replies":[{"embeddable":true,"href":"https:\/\/betoni.com\/lehti\/wp-json\/wp\/v2\/comments?post=24259"}],"version-history":[{"count":0,"href":"https:\/\/betoni.com\/lehti\/wp-json\/wp\/v2\/posts\/24259\/revisions"}],"wp:featuredmedia":[{"embeddable":true,"href":"https:\/\/betoni.com\/lehti\/wp-json\/wp\/v2\/media\/24807"}],"wp:attachment":[{"href":"https:\/\/betoni.com\/lehti\/wp-json\/wp\/v2\/media?parent=24259"}],"wp:term":[{"taxonomy":"category","embeddable":true,"href":"https:\/\/betoni.com\/lehti\/wp-json\/wp\/v2\/categories?post=24259"},{"taxonomy":"post_tag","embeddable":true,"href":"https:\/\/betoni.com\/lehti\/wp-json\/wp\/v2\/tags?post=24259"}],"curies":[{"name":"wp","href":"https:\/\/api.w.org\/{rel}","templated":true}]}}