{"id":26800,"date":"2023-12-13T11:08:04","date_gmt":"2023-12-13T09:08:04","guid":{"rendered":"https:\/\/betoni.com\/lehti\/?p=26800"},"modified":"2023-12-13T11:08:06","modified_gmt":"2023-12-13T09:08:06","slug":"ratamestarinkatu-9ssa-julkisivut-uusittiin-laajan-peruskorjauksen-yhteydessa","status":"publish","type":"post","link":"https:\/\/betoni.com\/lehti\/2023\/12\/13\/ratamestarinkatu-9ssa-julkisivut-uusittiin-laajan-peruskorjauksen-yhteydessa\/","title":{"rendered":"Ratamestarinkatu 9:ss\u00e4 julkisivut uusittiin laajan peruskorjauksen yhteydess\u00e4"},"content":{"rendered":"\n<p>Helsingin Ita\u0308-Pasilassa vuonna 1984 valmistunut toimistorakennus koostuu kahdesta yhteen liittyneesta\u0308 toimistorakennuksesta ja pihakannen alla sijaitsevista kellaritiloista. Rakennuksessa on maanalainen autohalli, kaksi osin maanpa\u0308a\u0308llista\u0308 kellarikerrosta, viisi maanpa\u0308a\u0308llista\u0308 kerrosta ja vesikatolla iv-konehuoneet.<\/p>\n\n\n\n<p>Alkupera\u0308iset suunnittelijat ovat arkkitehdit Esko Kahri yhdessa\u0308 Kai Lohmanin kanssa.<\/p>\n\n\n\n<p>Rakennuksen va\u0308li- ja yla\u0308pohjat seka\u0308 ulkoseina\u0308t ovat betonirunkoisia, iv- konehuoneet tera\u0308srakenteisia. Vesikatto on kermipintainen sis\u00e4\u00e4np\u00e4in kallistettu katto. Rakennuksessa on koneellinen tulo- ja poistoilmanvaihto, la\u0308mmitysmuotona on kaukola\u0308mpo\u0308.<\/p>\n\n\n\n<figure class=\"wp-block-image size-full\"><img loading=\"lazy\" decoding=\"async\" width=\"1920\" height=\"1080\" src=\"https:\/\/betoni.com\/lehti\/wp-content\/uploads\/sites\/4\/2023\/12\/Ratamestarinkatu-9_kuva_Anders-Portman_1920x1080px.jpg\" alt=\"\" class=\"wp-image-26808\" srcset=\"https:\/\/betoni.com\/lehti\/wp-content\/uploads\/sites\/4\/2023\/12\/Ratamestarinkatu-9_kuva_Anders-Portman_1920x1080px.jpg 1920w, https:\/\/betoni.com\/lehti\/wp-content\/uploads\/sites\/4\/2023\/12\/Ratamestarinkatu-9_kuva_Anders-Portman_1920x1080px-800x450.jpg 800w, https:\/\/betoni.com\/lehti\/wp-content\/uploads\/sites\/4\/2023\/12\/Ratamestarinkatu-9_kuva_Anders-Portman_1920x1080px-300x169.jpg 300w, https:\/\/betoni.com\/lehti\/wp-content\/uploads\/sites\/4\/2023\/12\/Ratamestarinkatu-9_kuva_Anders-Portman_1920x1080px-768x432.jpg 768w, https:\/\/betoni.com\/lehti\/wp-content\/uploads\/sites\/4\/2023\/12\/Ratamestarinkatu-9_kuva_Anders-Portman_1920x1080px-1536x864.jpg 1536w\" sizes=\"auto, (max-width: 1920px) 100vw, 1920px\" \/><figcaption>Remontti keskittyi erityisesti julkisivuun ja energiatehokkuuden parantamiseen. Kuva: Anders Portman<\/figcaption><\/figure>\n\n\n\n<h3 class=\"wp-block-heading\">Laajat julkisivu- ja pihakansikorjaukset kiertotalous huomioiden<\/h3>\n\n\n\n<p>Suunnittelukokonaisuutena oli kiinteisto\u0308n ulkovaipan ja talotekniikan perusja\u0308rjestelmien korjaus- ja uusimistyo\u0308t. Hankkeessa suoritettiin korjaus- ja uusimistoimia, jotka kohdistuivat julkisivuihin, vesikattoihin seka\u0308 pihakansiin, osittain myo\u0308s maanpinnan alapuolisiin sokkelirakenteisiin.<\/p>\n\n\n\n<p>Pa\u0308a\u0308asiallinen alkuper\u00e4inen julkisivumateriaali oli valkoinen sile\u00e4 betoni ja klinkkerilaatta, joka korvattiin peruskorjauksen yhteydess\u00e4 suurella uritetulla polymeeribetonilaatalla. Maantasokerroksessa laatan va\u0308ri on harmaa, ylemmissa\u0308 kerroksissa valkoinen. Lisa\u0308ksi julkisivuissa on alumiini- ja ter\u00e4srunkoista ikkunaseina\u0308a\u0308. Vanhat valkobetoniset pystypilarit, yl\u00e4- ja p\u00e4\u00e4tyosat korvattiin suurilla valkoisilla kuitubetonilevyill\u00e4.<\/p>\n\n\n\n<p>Kaikki julkisivupinnat, ikkunat ja metallirunkoisten ulkolasiseinien ulkolasiosuudet seka\u0308 vesikatot uusittiin kantavaan rakenteeseen saakka. Sisa\u0308ilmaolosuhteiden parantamiseksi iv-konehuoneet uusittiin ja korotettiin.<\/p>\n\n\n\n<p>Pihakansien pintarakenteet ja eristykset uusittiin kantavaan rakenteeseen saakka. Pihakannen kattoikkunat uusittiin ja kattoikkunoiden tiivistykset ja rintausten vesieristykset samoin kuin pellitykset uusittiin. Vesikatolle tehtiin varaukset aurinkopaneeleille.<\/p>\n\n\n\n<p>Erityisesti selkea\u0308linjaisuus ja 1980-luvun ajalle tyypillinen suurpiirteisyys pyrittiin mahdollisimman hyvin sa\u0308ilytta\u0308ma\u0308a\u0308n ja samalla parantamaan rakennuksen energiataloutta ja ilmastoysta\u0308va\u0308llisyytta\u0308. Sa\u0308ilytetta\u0308via\u0308 tai korjaamisen yhteydessa\u0308 ennallistettavia yksityiskohtia olivat mm. voimakkaat vertikaaliset sa\u0308leaiheet ja pilariaiheet. Rakennuksen vaaleaa yleisilmetta\u0308 pidettiin myo\u0308s sa\u0308ilytta\u0308misen kannalta ta\u0308rkea\u0308na\u0308.<\/p>\n\n\n\n<p>Pihan hulevesiperiaate sa\u0308ilytettiin, ja samalla lisa\u0308ttiin pihan viheralueosuutta edista\u0308m\u00e4\u00e4n hulevesien viivytysta\u0308.<\/p>\n\n\n\n<p>&#8221;Kiertotaloutta edistettiin merkitt\u00e4v\u00e4sti yli 90 % purkumateriaalin uusiok\u00e4yt\u00f6ll\u00e4 ja muun muassa hyv\u00e4kuntoisten ikkunoiden ter\u00e4srunkojen s\u00e4ilytt\u00e4misell\u00e4 hankesuunnitelmaa tarkentaen&#8221;, kertoo arkkitehti <em>Timo Mertsalmi<\/em>.<\/p>\n\n\n\n<figure class=\"wp-block-image size-full\"><img loading=\"lazy\" decoding=\"async\" width=\"1864\" height=\"1270\" src=\"https:\/\/betoni.com\/lehti\/wp-content\/uploads\/sites\/4\/2023\/12\/Ratamestarinkatu-9_kuva_Anders-Portman_1864x1270px.jpg\" alt=\"\" class=\"wp-image-26811\" srcset=\"https:\/\/betoni.com\/lehti\/wp-content\/uploads\/sites\/4\/2023\/12\/Ratamestarinkatu-9_kuva_Anders-Portman_1864x1270px.jpg 1864w, https:\/\/betoni.com\/lehti\/wp-content\/uploads\/sites\/4\/2023\/12\/Ratamestarinkatu-9_kuva_Anders-Portman_1864x1270px-800x545.jpg 800w, https:\/\/betoni.com\/lehti\/wp-content\/uploads\/sites\/4\/2023\/12\/Ratamestarinkatu-9_kuva_Anders-Portman_1864x1270px-300x204.jpg 300w, https:\/\/betoni.com\/lehti\/wp-content\/uploads\/sites\/4\/2023\/12\/Ratamestarinkatu-9_kuva_Anders-Portman_1864x1270px-768x523.jpg 768w, https:\/\/betoni.com\/lehti\/wp-content\/uploads\/sites\/4\/2023\/12\/Ratamestarinkatu-9_kuva_Anders-Portman_1864x1270px-1536x1047.jpg 1536w\" sizes=\"auto, (max-width: 1864px) 100vw, 1864px\" \/><figcaption>Alun perin julkisivuissa oli valkoista sile\u00e4t\u00e4 betonia ja klinkkerilaatoitettuja alueita. Nyt laatoitetut alueet tehtiin polymeeribetonilla, joka on uritettu laattamuotoon ja saumattu. Kuva: Anders Portman<\/figcaption><\/figure>\n\n\n\n<h3 class=\"wp-block-heading\">Haastava julkisivukorjaus<\/h3>\n\n\n\n<p>Aikataulu oli eritt\u00e4in tiukka. Julkisivujen sandwich-laatoista purettiin sahaamalla pintalaatta pois ja poistettiin vanhat villaeristeet. Sisempi laatta tiivistettiin ja tilalle tehtiin uusi tuulettuva rakenne. Ohuempi uusi levyrakenne mahdollisti sen, ett\u00e4 rakennuksen energiataloutta p\u00e4\u00e4stiin huomattavasti parantamaan, koska paksummalle, t\u00e4m\u00e4n p\u00e4iv\u00e4n standardien mukaiselle l\u00e4mm\u00f6neristeelle j\u00e4i tilaa.<\/p>\n\n\n\n<p>Tiukka aikataulu aiheutti aliurakoitsijana toimineelle Fenster Oy:lle runsaasti haasteita. \u201dKun ulkokuori purettiin betonille, meille tuli yll\u00e4tyksen\u00e4, ett\u00e4 sis\u00e4kuoren pinta oli ennakoitua ep\u00e4tasaisempi\u201d, kertoo Fenster Oy:n toimitusjohtaja <em>Ari Rinne<\/em>.<\/p>\n\n\n\n<p>Kaikki rakennusten ikkunat ja ovet uusittiin rakennusvaippaan asti.<\/p>\n\n\n<\/div><div class=\"image-gallery 6350727\">\n    <div class=\"container\">\n        <div class=\"row\">\n            <div class=\"col-12\">\n                <p class=\"title\">Rakennusvaiheen kuvagalleria<\/p>\n            <\/div>\n            <div class=\"col-12 image-gallery-grid \">\n\n                                                    <div>\n                                                <img decoding=\"async\" class=\"image \"\n                                                    src=\"https:\/\/betoni.com\/lehti\/wp-content\/uploads\/sites\/4\/2023\/12\/Ratamestarinkatu-9_980x1307px.jpg\"\n                                                    alt=\"Uuden julkisivun asennusta.\" key=\"0\" \/>\n                                                                                    <\/div>\n                                                    <div>\n                                                <img decoding=\"async\" class=\"image \"\n                                                    src=\"https:\/\/betoni.com\/lehti\/wp-content\/uploads\/sites\/4\/2023\/12\/Ratamestarinkatu-9_980x1307px_04.jpg\"\n                                                    alt=\"Klinkkerikuvioidun polymeeribetonilevyn asennus k\u00e4ynniss\u00e4.\" key=\"1\" \/>\n                                                                                    <\/div>\n                                                    <div>\n                                                <img decoding=\"async\" class=\"image \"\n                                                    src=\"https:\/\/betoni.com\/lehti\/wp-content\/uploads\/sites\/4\/2023\/12\/Ratamestarinkatu-9_980x1307px_02.jpg\"\n                                                    alt=\"Uutta tuulensuoja- ja julkisivulevyjen kiinnitysj\u00e4rjestelmien rakennetta.\" key=\"2\" \/>\n                                                                                    <\/div>\n                                                    <div class=\"plus-other-images\">\n                                                <img decoding=\"async\" class=\"image \"\n                                                    src=\"https:\/\/betoni.com\/lehti\/wp-content\/uploads\/sites\/4\/2023\/12\/Ratamestarinkatu-9_980x1307px_03.jpg\"\n                                                    alt=\"Kaikki rakennusten ikkunat ja ovet uusittiin rakennusvaippaan. N\u00e4in vaipan tiiveys p\u00e4\u00e4stiin toteuttamaan hallitusti.\" key=\"3\" \/>\n                                                                                                    <span class=\"plus-other-images-overlay\">\n                                                        +3                                                    <\/span>\n                                                                                    <\/div>\n                            <\/div>\n        <\/div>\n    <\/div>\n    <div class=\"gallery-popup\">\n        <div class=\"container-fluid\">\n            <div class=\"row\">\n                <div class=\"col-md-8\">\n                    <div class=\"w-100 position-relative\">\n                        <button class=\"button-image button-image-prev\">\n                            <img decoding=\"async\" src=\"https:\/\/betoni.com\/lehti\/wp-content\/themes\/pt-betoni-theme\/assets\/images\/ic-chevron-left.svg\" \/>\n                        <\/button>\n                        <button class=\"button-image button-image-next\">\n                            <img decoding=\"async\" src=\"https:\/\/betoni.com\/lehti\/wp-content\/themes\/pt-betoni-theme\/assets\/images\/ic-chevron-right.svg\" \/>\n                        <\/button>\n                    <\/div>\n                    <div class=\"row title-row\">\n                        <div class=\"col-8\">\n                            <p class=\"alt_text\">Uuden julkisivun asennusta.<\/p>\n                        <\/div>\n                        <div class=\"col-4\">\n                            <a class=\"close-gallery\">X<\/a>\n                        <\/div>\n                    <\/div>\n                    <img decoding=\"async\" class=\"gallery-image\" src=\"https:\/\/betoni.com\/lehti\/wp-content\/uploads\/sites\/4\/2023\/12\/Ratamestarinkatu-9_980x1307px.jpg\" alt=\"Uuden julkisivun asennusta.\" \/>\n                <\/div>\n                <div class=\"col-md-4\">\n                    <div class=\"gallery-sidebar\">\n                                                    <img decoding=\"async\" class=\"sidebar-image\" src=\"https:\/\/betoni.com\/lehti\/wp-content\/uploads\/sites\/4\/2023\/12\/Ratamestarinkatu-9_980x1307px.jpg\" alt=\"Uuden julkisivun asennusta.\" key=\"0\" \/>\n                                                    <img decoding=\"async\" class=\"sidebar-image\" src=\"https:\/\/betoni.com\/lehti\/wp-content\/uploads\/sites\/4\/2023\/12\/Ratamestarinkatu-9_980x1307px_04.jpg\" alt=\"Klinkkerikuvioidun polymeeribetonilevyn asennus k\u00e4ynniss\u00e4.\" key=\"1\" \/>\n                                                    <img decoding=\"async\" class=\"sidebar-image\" src=\"https:\/\/betoni.com\/lehti\/wp-content\/uploads\/sites\/4\/2023\/12\/Ratamestarinkatu-9_980x1307px_02.jpg\" alt=\"Uutta tuulensuoja- ja julkisivulevyjen kiinnitysj\u00e4rjestelmien rakennetta.\" key=\"2\" \/>\n                                                    <img decoding=\"async\" class=\"sidebar-image\" src=\"https:\/\/betoni.com\/lehti\/wp-content\/uploads\/sites\/4\/2023\/12\/Ratamestarinkatu-9_980x1307px_03.jpg\" alt=\"Kaikki rakennusten ikkunat ja ovet uusittiin rakennusvaippaan. N\u00e4in vaipan tiiveys p\u00e4\u00e4stiin toteuttamaan hallitusti.\" key=\"3\" \/>\n                                                    <img decoding=\"async\" class=\"sidebar-image\" src=\"https:\/\/betoni.com\/lehti\/wp-content\/uploads\/sites\/4\/2023\/12\/Ratamestarinkatu-9_980x1537px.jpg\" alt=\"Levyt on saumattu elastisella kitill\u00e4 ulkopuolelta pienell\u00e4 5 mm:n saumalla.\" key=\"4\" \/>\n                                                    <img decoding=\"async\" class=\"sidebar-image\" src=\"https:\/\/betoni.com\/lehti\/wp-content\/uploads\/sites\/4\/2023\/12\/Ratamestarinkatu-9_seinadetalji_1920x1050px.jpg\" alt=\"Sein\u00e4detalji\" key=\"5\" \/>\n                                                    <img decoding=\"async\" class=\"sidebar-image\" src=\"https:\/\/betoni.com\/lehti\/wp-content\/uploads\/sites\/4\/2023\/12\/Ratamestarinkatu-9_seinadetaljit_1920x1974px.jpg\" alt=\"Sein\u00e4detaljeja\" key=\"6\" \/>\n                                            <\/div>\n                <\/div>\n            <\/div>\n        <\/div>\n    <\/div>\n<\/div>\n\n<script>\n    jQuery(document).ready(() => {\n        jQuery('.image-gallery.6350727 .gallery-popup').hide();\n        jQuery('.image-gallery.6350727 .image').click((e) => {\n            jQuery('.image-gallery.6350727 .gallery-popup .alt_text').html(jQuery(e.target).attr('alt'));\n            jQuery('.image-gallery.6350727 .gallery-popup .gallery-image').attr('alt', jQuery(e.target).attr('alt'));\n            jQuery('.image-gallery.6350727 .gallery-popup .gallery-image').attr('src', jQuery(e.target).attr('src'));\n            jQuery('.image-gallery.6350727 .gallery-popup').show();\n            currentImage = jQuery(e.target).attr('key');\n        })\n        jQuery('.image-gallery.6350727 .gallery-popup .sidebar-image').click((e) => {\n            jQuery('.image-gallery.6350727 .gallery-popup .alt_text').html(jQuery(e.target).attr('alt'));\n            jQuery('.image-gallery.6350727 .gallery-popup .gallery-image').attr('alt', jQuery(e.target).attr('alt'));\n            jQuery('.image-gallery.6350727 .gallery-popup .gallery-image').attr('src', jQuery(e.target).attr('src'));\n            currentImage = jQuery(e.target).attr('key');\n        })\n        jQuery('.image-gallery.6350727 .gallery-popup .close-gallery').click(() => {\n            jQuery('.image-gallery.6350727 .gallery-popup').hide();\n        })\n\n        var theImages = [{\"alt_text\":\"Uuden julkisivun asennusta.\",\"image\":\"https:\\\/\\\/betoni.com\\\/lehti\\\/wp-content\\\/uploads\\\/sites\\\/4\\\/2023\\\/12\\\/Ratamestarinkatu-9_980x1307px.jpg\"},{\"alt_text\":\"Klinkkerikuvioidun polymeeribetonilevyn asennus k\\u00e4ynniss\\u00e4.\",\"image\":\"https:\\\/\\\/betoni.com\\\/lehti\\\/wp-content\\\/uploads\\\/sites\\\/4\\\/2023\\\/12\\\/Ratamestarinkatu-9_980x1307px_04.jpg\"},{\"alt_text\":\"Uutta tuulensuoja- ja julkisivulevyjen kiinnitysj\\u00e4rjestelmien rakennetta.\",\"image\":\"https:\\\/\\\/betoni.com\\\/lehti\\\/wp-content\\\/uploads\\\/sites\\\/4\\\/2023\\\/12\\\/Ratamestarinkatu-9_980x1307px_02.jpg\"},{\"alt_text\":\"Kaikki rakennusten ikkunat ja ovet uusittiin rakennusvaippaan. N\\u00e4in vaipan tiiveys p\\u00e4\\u00e4stiin toteuttamaan hallitusti.\",\"image\":\"https:\\\/\\\/betoni.com\\\/lehti\\\/wp-content\\\/uploads\\\/sites\\\/4\\\/2023\\\/12\\\/Ratamestarinkatu-9_980x1307px_03.jpg\"},{\"alt_text\":\"Levyt on saumattu elastisella kitill\\u00e4 ulkopuolelta pienell\\u00e4 5 mm:n saumalla.\",\"image\":\"https:\\\/\\\/betoni.com\\\/lehti\\\/wp-content\\\/uploads\\\/sites\\\/4\\\/2023\\\/12\\\/Ratamestarinkatu-9_980x1537px.jpg\"},{\"alt_text\":\"Sein\\u00e4detalji\",\"image\":\"https:\\\/\\\/betoni.com\\\/lehti\\\/wp-content\\\/uploads\\\/sites\\\/4\\\/2023\\\/12\\\/Ratamestarinkatu-9_seinadetalji_1920x1050px.jpg\"},{\"alt_text\":\"Sein\\u00e4detaljeja\",\"image\":\"https:\\\/\\\/betoni.com\\\/lehti\\\/wp-content\\\/uploads\\\/sites\\\/4\\\/2023\\\/12\\\/Ratamestarinkatu-9_seinadetaljit_1920x1974px.jpg\"}];\n        var currentImage = 0;\n\n        jQuery('.image-gallery.6350727 .gallery-popup .button-image-next').click(() => {\n            if (currentImage < theImages.length - 1) {\n                currentImage++;\n            } else {\n                currentImage = 0;\n            }\n            changeImage();\n        })\n        jQuery('.image-gallery.6350727 .gallery-popup .button-image-prev').click(() => {\n            if (currentImage > 0) {\n                currentImage--;\n            } else {\n                currentImage = theImages.length - 1;\n            }\n            changeImage();\n        })\n\n        function changeImage() {\n            jQuery('.image-gallery.6350727 .gallery-popup .alt_text').html(theImages[currentImage].alt_text);\n            jQuery('.image-gallery.6350727 .gallery-popup .gallery-image').attr('alt', theImages[currentImage].alt_text);\n            jQuery('.image-gallery.6350727 .gallery-popup .gallery-image').attr('src', theImages[currentImage].image);\n        }\n\n        document.onkeydown = function(event) {\n            switch (event.keyCode) {\n                case 27: \/\/ ESC closes popup\n                    jQuery('.image-gallery .gallery-popup').hide();\n                    break;\n                case 37:\n                    jQuery('.image-gallery .gallery-popup .button-image-prev').click();\n                    break;\n                case 39:\n                    jQuery('.image-gallery .gallery-popup .button-image-next').click();\n                    break;\n            }\n        };\n    })\n<\/script>\n<style>\n  .plus-other-images {position:relative;cursor:pointer;}\n.plus-other-images img {opacity: 0.5;filter:grayscale(100%);}\n.plus-other-images-overlay {display: block;position: absolute;top: 50%;left: 50%;transform: translate(-50%, -50%);color: #000;font-size: 4em;font-weight: 600;pointer-events: none;z-index: 2;text-shadow: 2px 2px 2px rgba(0,0,0,0.15);}\n.gallery-popup .button-image {z-index: 3;}\n<\/style>\n<div class='container'>\n\n\n<h3 class=\"wp-block-heading\">Julkisivumateriaaleissa k\u00e4ytettiin kuitubetoni- ja polymeeribetonilevyj\u00e4<\/h3>\n\n\n\n<p>Uusittujen julkisivujen yl\u00e4osissa ja pilastereissa p\u00e4\u00e4dyttiin k\u00e4ytt\u00e4m\u00e4\u00e4n it\u00e4valtalaisen Rieder GmbH:n valmistamia kuitubetonilevyj\u00e4, Fibre C Polar White, 13 mm:n paksuisia levyj\u00e4, joissa on hiekkapuhallettu pinta.<\/p>\n\n\n\n<p>\u201dPilasterin rankarakenne on kylm\u00e4. Uusitussa rakenteessa uusittiin l\u00e4mp\u00f6eristeet, tuulensuojalevyt ja Allface-kiinnitysj\u00e4rjestelm\u00e4, johon kuitubetonilevyt on kiinnitetty piiloankkureilla\u201d, kertoo <em>Petri Ahonen<\/em> Seroc Oy:st\u00e4, joka maahantuo kuitubetonilevyj\u00e4.<\/p>\n\n\n\n<p>Ulman valmistamissa Art Mosaic-klinkkerikuvioiduissa polymeeribetonilevyiss\u00e4 on arkkitehdin suunnittelema laattakuvio. V\u00e4rein\u00e4 ovat valkoinen ja harmaa. Levyt on kiinnitetty Ulman omilla piilokiinnikkeill\u00e4. Levyjen pinta on itsess\u00e4\u00e4n graffitihylkiv\u00e4\u00e4. Levyt on saumattu elastisella kitill\u00e4 ulkopuolelta pienell\u00e4 5 mm:n saumalla. Levyjen saumat ovat samanlevyiset kuin laattakuvion saumat sek\u00e4 pysty- ett\u00e4 vaakasaumoissa. N\u00e4in levyjen saumoitus on saatu h\u00e4ivytetty\u00e4 julkisivupinnoissa. Tuulettuvan levyrakenteen paksuus on noin 25\u201330 mm.<\/p>\n\n\n<\/div><div class=\"image-gallery 6075972\">\n    <div class=\"container\">\n        <div class=\"row\">\n            <div class=\"col-12\">\n                <p class=\"title\">Kuvagalleria<\/p>\n            <\/div>\n            <div class=\"col-12 image-gallery-grid \">\n\n                                                    <div>\n                                                <img decoding=\"async\" class=\"image \"\n                                                    src=\"https:\/\/betoni.com\/lehti\/wp-content\/uploads\/sites\/4\/2023\/12\/Ratamestarinkatu-9_kuva_Anders-Portman_1920x1080px_02.jpg\"\n                                                    alt=\"Ratamestarinkatu 9:n rakennukset ovat oman aikakautensa parhaimmistoa. Korjauksessa oli konservoiva ote; arkkitehtuuria ei haluttu peitell\u00e4. Kuva: Anders Portman\" key=\"0\" \/>\n                                                                                    <\/div>\n                                                    <div>\n                                                <img decoding=\"async\" class=\"image \"\n                                                    src=\"https:\/\/betoni.com\/lehti\/wp-content\/uploads\/sites\/4\/2023\/12\/Ratamestarinkatu-9_kuva_Anders-Portman_980x1469px.jpg\"\n                                                    alt=\"Peruskorjauksen yhteydess\u00e4 vanhat betoni- ja klinkkerilaattapinnat uusittiin suurella uritetulla polymeeribetonilaatalla. Maantasokerroksessa laatan va\u0308ri on harmaa, ylemmissa\u0308 kerroksissa valkoinen. Kuva: Anders Portman\" key=\"1\" \/>\n                                                                                    <\/div>\n                                                    <div>\n                                                <img decoding=\"async\" class=\"image \"\n                                                    src=\"https:\/\/betoni.com\/lehti\/wp-content\/uploads\/sites\/4\/2023\/12\/Ratamestarinkatu-9_kuva_Mikael-Linden_980x1470px.jpg\"\n                                                    alt=\"Ulkopuolella my\u00f6s pihalaatta purettiin pohjalaattaan saakka ja kaikki tehtiin uusiksi. Kuva: Mikael Lind\u00e9n\" key=\"2\" \/>\n                                                                                    <\/div>\n                                                    <div>\n                                                <img decoding=\"async\" class=\"image \"\n                                                    src=\"https:\/\/betoni.com\/lehti\/wp-content\/uploads\/sites\/4\/2023\/12\/Ratamestarinkatu-9_kuva_Anders-Portman_1920x1080px_03.jpg\"\n                                                    alt=\"Valmis uusi julkisivu. Kuva: Anders Portman\" key=\"3\" \/>\n                                                                                    <\/div>\n                            <\/div>\n        <\/div>\n    <\/div>\n    <div class=\"gallery-popup\">\n        <div class=\"container-fluid\">\n            <div class=\"row\">\n                <div class=\"col-md-8\">\n                    <div class=\"w-100 position-relative\">\n                        <button class=\"button-image button-image-prev\">\n                            <img decoding=\"async\" src=\"https:\/\/betoni.com\/lehti\/wp-content\/themes\/pt-betoni-theme\/assets\/images\/ic-chevron-left.svg\" \/>\n                        <\/button>\n                        <button class=\"button-image button-image-next\">\n                            <img decoding=\"async\" src=\"https:\/\/betoni.com\/lehti\/wp-content\/themes\/pt-betoni-theme\/assets\/images\/ic-chevron-right.svg\" \/>\n                        <\/button>\n                    <\/div>\n                    <div class=\"row title-row\">\n                        <div class=\"col-8\">\n                            <p class=\"alt_text\">Ratamestarinkatu 9:n rakennukset ovat oman aikakautensa parhaimmistoa. Korjauksessa oli konservoiva ote; arkkitehtuuria ei haluttu peitell\u00e4. Kuva: Anders Portman<\/p>\n                        <\/div>\n                        <div class=\"col-4\">\n                            <a class=\"close-gallery\">X<\/a>\n                        <\/div>\n                    <\/div>\n                    <img decoding=\"async\" class=\"gallery-image\" src=\"https:\/\/betoni.com\/lehti\/wp-content\/uploads\/sites\/4\/2023\/12\/Ratamestarinkatu-9_kuva_Anders-Portman_1920x1080px_02.jpg\" alt=\"Ratamestarinkatu 9:n rakennukset ovat oman aikakautensa parhaimmistoa. Korjauksessa oli konservoiva ote; arkkitehtuuria ei haluttu peitell\u00e4. Kuva: Anders Portman\" \/>\n                <\/div>\n                <div class=\"col-md-4\">\n                    <div class=\"gallery-sidebar\">\n                                                    <img decoding=\"async\" class=\"sidebar-image\" src=\"https:\/\/betoni.com\/lehti\/wp-content\/uploads\/sites\/4\/2023\/12\/Ratamestarinkatu-9_kuva_Anders-Portman_1920x1080px_02.jpg\" alt=\"Ratamestarinkatu 9:n rakennukset ovat oman aikakautensa parhaimmistoa. Korjauksessa oli konservoiva ote; arkkitehtuuria ei haluttu peitell\u00e4. Kuva: Anders Portman\" key=\"0\" \/>\n                                                    <img decoding=\"async\" class=\"sidebar-image\" src=\"https:\/\/betoni.com\/lehti\/wp-content\/uploads\/sites\/4\/2023\/12\/Ratamestarinkatu-9_kuva_Anders-Portman_980x1469px.jpg\" alt=\"Peruskorjauksen yhteydess\u00e4 vanhat betoni- ja klinkkerilaattapinnat uusittiin suurella uritetulla polymeeribetonilaatalla. Maantasokerroksessa laatan va\u0308ri on harmaa, ylemmissa\u0308 kerroksissa valkoinen. Kuva: Anders Portman\" key=\"1\" \/>\n                                                    <img decoding=\"async\" class=\"sidebar-image\" src=\"https:\/\/betoni.com\/lehti\/wp-content\/uploads\/sites\/4\/2023\/12\/Ratamestarinkatu-9_kuva_Mikael-Linden_980x1470px.jpg\" alt=\"Ulkopuolella my\u00f6s pihalaatta purettiin pohjalaattaan saakka ja kaikki tehtiin uusiksi. Kuva: Mikael Lind\u00e9n\" key=\"2\" \/>\n                                                    <img decoding=\"async\" class=\"sidebar-image\" src=\"https:\/\/betoni.com\/lehti\/wp-content\/uploads\/sites\/4\/2023\/12\/Ratamestarinkatu-9_kuva_Anders-Portman_1920x1080px_03.jpg\" alt=\"Valmis uusi julkisivu. Kuva: Anders Portman\" key=\"3\" \/>\n                                            <\/div>\n                <\/div>\n            <\/div>\n        <\/div>\n    <\/div>\n<\/div>\n\n<script>\n    jQuery(document).ready(() => {\n        jQuery('.image-gallery.6075972 .gallery-popup').hide();\n        jQuery('.image-gallery.6075972 .image').click((e) => {\n            jQuery('.image-gallery.6075972 .gallery-popup .alt_text').html(jQuery(e.target).attr('alt'));\n            jQuery('.image-gallery.6075972 .gallery-popup .gallery-image').attr('alt', jQuery(e.target).attr('alt'));\n            jQuery('.image-gallery.6075972 .gallery-popup .gallery-image').attr('src', jQuery(e.target).attr('src'));\n            jQuery('.image-gallery.6075972 .gallery-popup').show();\n            currentImage = jQuery(e.target).attr('key');\n        })\n        jQuery('.image-gallery.6075972 .gallery-popup .sidebar-image').click((e) => {\n            jQuery('.image-gallery.6075972 .gallery-popup .alt_text').html(jQuery(e.target).attr('alt'));\n            jQuery('.image-gallery.6075972 .gallery-popup .gallery-image').attr('alt', jQuery(e.target).attr('alt'));\n            jQuery('.image-gallery.6075972 .gallery-popup .gallery-image').attr('src', jQuery(e.target).attr('src'));\n            currentImage = jQuery(e.target).attr('key');\n        })\n        jQuery('.image-gallery.6075972 .gallery-popup .close-gallery').click(() => {\n            jQuery('.image-gallery.6075972 .gallery-popup').hide();\n        })\n\n        var theImages = [{\"alt_text\":\"Ratamestarinkatu 9:n rakennukset ovat oman aikakautensa parhaimmistoa. Korjauksessa oli konservoiva ote; arkkitehtuuria ei haluttu peitell\\u00e4. Kuva: Anders Portman\",\"image\":\"https:\\\/\\\/betoni.com\\\/lehti\\\/wp-content\\\/uploads\\\/sites\\\/4\\\/2023\\\/12\\\/Ratamestarinkatu-9_kuva_Anders-Portman_1920x1080px_02.jpg\"},{\"alt_text\":\"Peruskorjauksen yhteydess\\u00e4 vanhat betoni- ja klinkkerilaattapinnat uusittiin suurella uritetulla polymeeribetonilaatalla. Maantasokerroksessa laatan va\\u0308ri on harmaa, ylemmissa\\u0308 kerroksissa valkoinen. Kuva: Anders Portman\",\"image\":\"https:\\\/\\\/betoni.com\\\/lehti\\\/wp-content\\\/uploads\\\/sites\\\/4\\\/2023\\\/12\\\/Ratamestarinkatu-9_kuva_Anders-Portman_980x1469px.jpg\"},{\"alt_text\":\"Ulkopuolella my\\u00f6s pihalaatta purettiin pohjalaattaan saakka ja kaikki tehtiin uusiksi. Kuva: Mikael Lind\\u00e9n\",\"image\":\"https:\\\/\\\/betoni.com\\\/lehti\\\/wp-content\\\/uploads\\\/sites\\\/4\\\/2023\\\/12\\\/Ratamestarinkatu-9_kuva_Mikael-Linden_980x1470px.jpg\"},{\"alt_text\":\"Valmis uusi julkisivu. Kuva: Anders Portman\",\"image\":\"https:\\\/\\\/betoni.com\\\/lehti\\\/wp-content\\\/uploads\\\/sites\\\/4\\\/2023\\\/12\\\/Ratamestarinkatu-9_kuva_Anders-Portman_1920x1080px_03.jpg\"}];\n        var currentImage = 0;\n\n        jQuery('.image-gallery.6075972 .gallery-popup .button-image-next').click(() => {\n            if (currentImage < theImages.length - 1) {\n                currentImage++;\n            } else {\n                currentImage = 0;\n            }\n            changeImage();\n        })\n        jQuery('.image-gallery.6075972 .gallery-popup .button-image-prev').click(() => {\n            if (currentImage > 0) {\n                currentImage--;\n            } else {\n                currentImage = theImages.length - 1;\n            }\n            changeImage();\n        })\n\n        function changeImage() {\n            jQuery('.image-gallery.6075972 .gallery-popup .alt_text').html(theImages[currentImage].alt_text);\n            jQuery('.image-gallery.6075972 .gallery-popup .gallery-image').attr('alt', theImages[currentImage].alt_text);\n            jQuery('.image-gallery.6075972 .gallery-popup .gallery-image').attr('src', theImages[currentImage].image);\n        }\n\n        document.onkeydown = function(event) {\n            switch (event.keyCode) {\n                case 27: \/\/ ESC closes popup\n                    jQuery('.image-gallery .gallery-popup').hide();\n                    break;\n                case 37:\n                    jQuery('.image-gallery .gallery-popup .button-image-prev').click();\n                    break;\n                case 39:\n                    jQuery('.image-gallery .gallery-popup .button-image-next').click();\n                    break;\n            }\n        };\n    })\n<\/script>\n<style>\n  .plus-other-images {position:relative;cursor:pointer;}\n.plus-other-images img {opacity: 0.5;filter:grayscale(100%);}\n.plus-other-images-overlay {display: block;position: absolute;top: 50%;left: 50%;transform: translate(-50%, -50%);color: #000;font-size: 4em;font-weight: 600;pointer-events: none;z-index: 2;text-shadow: 2px 2px 2px rgba(0,0,0,0.15);}\n.gallery-popup .button-image {z-index: 3;}\n<\/style>\n<div class='container'>\n\n<\/div><div class=\"kohde-info\">\n  <div class=\"left-layer-kohde-info\"><\/div>\n  <div class=\"container\">\n    <div class=\"row\">\n      <div class=\"col-lg-12 kohde-otsikko\">\n        <h2>Kiinteist\u00f6 Oy Ratamestarinkatu 9, Helsinki<\/h2>\n      <\/div>\n    <\/div>\n    <div class=\"row\">\n      <div class=\"col-lg-4 kohde-kuva\">\n        <img decoding=\"async\" src=\"https:\/\/betoni.com\/lehti\/wp-content\/uploads\/sites\/4\/2023\/12\/Ratamestarinkatu-9_kuva_Mikael-Linden_1920x1080px_01.jpg\" class=\"w-100\" alt=\"Kiinteist\u00f6 Oy Ratamestarinkatu 9, Helsinki\">\n        <figcaption class=\"image_extratext\">Vuonna 1984 valmistunut Kiinteist\u00f6 Oy Ratamestarinkatu 9 koostuu kahdesta yhteen liitetyst\u00e4 5-kerroksisesta toimistorakennuksesta, A ja B, sek\u00e4 pihakannen alla olevista kellaritiloista, joissa on autohalli ja kaksi osin maanp\u00e4\u00e4llist\u00e4 kellarikerrosta. Kuva: Mikael Lind\u00e9n<\/figcaption>\n      <\/div>\n      <div class=\"col-lg-8\">\n        <p><strong>Omistaja:<\/strong> Koy Ratamestarinkatu 9<br \/>\n<strong>Rakennuttaja:<\/strong> Senaatti-kiinteist\u00f6t<br \/>\n<strong>Ka\u0308ytta\u0308ja\u0308:<\/strong> Senaatti, Koy:n osakkaat ja vuokralaiset<br \/>\n<strong>Bruttoala:<\/strong> 17 488 brm<sup>2<\/sup><br \/>\n<strong>Rakennuksentilavuus:<\/strong> 64 327 m<sup>3<\/sup><br \/>\n<strong>L\u00e4mmitetty tilavuus:<\/strong> 52 486 m<sup>3<\/sup><br \/>\n<strong>Kerrosala:<\/strong> 12 055 k-m<sup>2<\/sup><br \/>\n<strong>Hissien lukuma\u0308a\u0308ra\u0308:<\/strong> 4 kpl<br \/>\n<strong>Paloluokka:<\/strong> P1<br \/>\n<strong>Palonsuojaustaso:<\/strong> Autohalli on spriklattu ja kohteessa paloilmoitinja\u0308rjestelma\u0308<br \/>\n<strong>Savunpoisto:<\/strong> Manuaalinen avattavien ikkunoiden kautta ja laukaistavat luukut poistumisportaissa ja iv-konehuoneissa<br \/>\n<strong>Hankeen aloitus- ja lopetusajankohta:<\/strong> 03.2021\u201306.2023<br \/>\n<strong>Rakennuttaja:<\/strong> Kiinteist\u00f6 Oy Ratamestarinkatu 9<br \/>\n<strong>Arkkitehtisuunnittelu:<\/strong> AW2-Arkkitehdit, p\u00e4\u00e4suunnittelija Matti Anttila,<br \/>\narkkitehti SAFA, projektiarkkitehti Timo Mertsalmi, arkkitehti SAFA<br \/>\n<strong>Projektinjohto ja p\u00e4\u00e4urakoitsija:<\/strong> NCC Suomi Oy<br \/>\n<strong>Purku-urakoitsija:<\/strong> ATP-Group Oy<br \/>\n<strong>Rakennesuunnittelija:<\/strong> Ramboll Finland Oy<br \/>\n<strong>Rakennusurakoitsija:<\/strong> Fenster Oy<br \/>\n<strong>Rakennusurakoitsija:<\/strong> NCC Suomi Oy<br \/>\n<strong>Rakennuttajakonsultti:<\/strong> Sitowise Oy<\/p>\n      <\/div>\n    <\/div>\n  <\/div>\n<\/div><div class='container'>","protected":false},"excerpt":{"rendered":"<p>Helsingin Ratamestarinkatu 9:ss\u00e4 tehtiin mittava julkisivuremontti, joka keskittyi erityisesti julkisivuun ja energiatehokkuuden parantamiseen.<\/p>\n","protected":false},"author":3,"featured_media":26805,"comment_status":"closed","ping_status":"closed","sticky":false,"template":"","format":"standard","meta":{"_acf_changed":false,"footnotes":""},"categories":[24,3],"tags":[57,53],"class_list":["post-26800","post","type-post","status-publish","format-standard","has-post-thumbnail","hentry","category-betonijulkisivut","category-rakennukset","tag-julkisivut","tag-korjausrakentaminen"],"acf":[],"yoast_head":"<!-- This site is optimized with the Yoast SEO plugin v27.2 - https:\/\/yoast.com\/product\/yoast-seo-wordpress\/ -->\n<title>Ratamestarinkatu 9:ss\u00e4 julkisivut uusittiin laajan peruskorjauksen yhteydess\u00e4 - Betoni-lehti<\/title>\n<meta name=\"robots\" content=\"index, follow, max-snippet:-1, max-image-preview:large, max-video-preview:-1\" \/>\n<link rel=\"canonical\" href=\"https:\/\/betoni.com\/lehti\/2023\/12\/13\/ratamestarinkatu-9ssa-julkisivut-uusittiin-laajan-peruskorjauksen-yhteydessa\/\" \/>\n<meta property=\"og:locale\" content=\"fi_FI\" \/>\n<meta property=\"og:type\" content=\"article\" \/>\n<meta property=\"og:title\" content=\"Ratamestarinkatu 9:ss\u00e4 julkisivut uusittiin laajan peruskorjauksen yhteydess\u00e4 - Betoni-lehti\" \/>\n<meta property=\"og:description\" content=\"Helsingin Ratamestarinkatu 9:ss\u00e4 tehtiin mittava julkisivuremontti, joka keskittyi erityisesti julkisivuun ja energiatehokkuuden parantamiseen.\" \/>\n<meta property=\"og:url\" content=\"https:\/\/betoni.com\/lehti\/2023\/12\/13\/ratamestarinkatu-9ssa-julkisivut-uusittiin-laajan-peruskorjauksen-yhteydessa\/\" \/>\n<meta property=\"og:site_name\" content=\"Betoni-lehti\" \/>\n<meta property=\"article:published_time\" content=\"2023-12-13T09:08:04+00:00\" \/>\n<meta property=\"article:modified_time\" content=\"2023-12-13T09:08:06+00:00\" \/>\n<meta property=\"og:image\" content=\"https:\/\/betoni.com\/lehti\/wp-content\/uploads\/sites\/4\/2023\/12\/Ratamestarinkatu-9_kuva_Mikael-Linden_1920x1080px-768x432.jpg\" \/>\n\t<meta property=\"og:image:width\" content=\"768\" \/>\n\t<meta property=\"og:image:height\" content=\"432\" \/>\n\t<meta property=\"og:image:type\" content=\"image\/jpeg\" \/>\n<meta name=\"author\" content=\"Nina Loisalo\" \/>\n<meta name=\"twitter:card\" content=\"summary_large_image\" \/>\n<meta name=\"twitter:label1\" content=\"Written by\" \/>\n\t<meta name=\"twitter:data1\" content=\"Nina Loisalo\" \/>\n\t<meta name=\"twitter:label2\" content=\"Est. reading time\" \/>\n\t<meta name=\"twitter:data2\" content=\"3 minuuttia\" \/>\n<script type=\"application\/ld+json\" class=\"yoast-schema-graph\">{\"@context\":\"https:\/\/schema.org\",\"@graph\":[{\"@type\":\"Article\",\"@id\":\"https:\/\/betoni.com\/lehti\/2023\/12\/13\/ratamestarinkatu-9ssa-julkisivut-uusittiin-laajan-peruskorjauksen-yhteydessa\/#article\",\"isPartOf\":{\"@id\":\"https:\/\/betoni.com\/lehti\/2023\/12\/13\/ratamestarinkatu-9ssa-julkisivut-uusittiin-laajan-peruskorjauksen-yhteydessa\/\"},\"author\":{\"name\":\"Nina Loisalo\",\"@id\":\"https:\/\/betoni.com\/lehti\/#\/schema\/person\/48daa047cb90360f16de566098506c35\"},\"headline\":\"Ratamestarinkatu 9:ss\u00e4 julkisivut uusittiin laajan peruskorjauksen yhteydess\u00e4\",\"datePublished\":\"2023-12-13T09:08:04+00:00\",\"dateModified\":\"2023-12-13T09:08:06+00:00\",\"mainEntityOfPage\":{\"@id\":\"https:\/\/betoni.com\/lehti\/2023\/12\/13\/ratamestarinkatu-9ssa-julkisivut-uusittiin-laajan-peruskorjauksen-yhteydessa\/\"},\"wordCount\":571,\"image\":{\"@id\":\"https:\/\/betoni.com\/lehti\/2023\/12\/13\/ratamestarinkatu-9ssa-julkisivut-uusittiin-laajan-peruskorjauksen-yhteydessa\/#primaryimage\"},\"thumbnailUrl\":\"https:\/\/betoni.com\/lehti\/wp-content\/uploads\/sites\/4\/2023\/12\/Ratamestarinkatu-9_kuva_Mikael-Linden_1920x1080px.jpg\",\"keywords\":[\"julkisivut\",\"korjausrakentaminen\"],\"articleSection\":[\"Betonijulkisivut\",\"Rakennukset\"],\"inLanguage\":\"fi\"},{\"@type\":\"WebPage\",\"@id\":\"https:\/\/betoni.com\/lehti\/2023\/12\/13\/ratamestarinkatu-9ssa-julkisivut-uusittiin-laajan-peruskorjauksen-yhteydessa\/\",\"url\":\"https:\/\/betoni.com\/lehti\/2023\/12\/13\/ratamestarinkatu-9ssa-julkisivut-uusittiin-laajan-peruskorjauksen-yhteydessa\/\",\"name\":\"Ratamestarinkatu 9:ss\u00e4 julkisivut uusittiin laajan peruskorjauksen yhteydess\u00e4 - Betoni-lehti\",\"isPartOf\":{\"@id\":\"https:\/\/betoni.com\/lehti\/#website\"},\"primaryImageOfPage\":{\"@id\":\"https:\/\/betoni.com\/lehti\/2023\/12\/13\/ratamestarinkatu-9ssa-julkisivut-uusittiin-laajan-peruskorjauksen-yhteydessa\/#primaryimage\"},\"image\":{\"@id\":\"https:\/\/betoni.com\/lehti\/2023\/12\/13\/ratamestarinkatu-9ssa-julkisivut-uusittiin-laajan-peruskorjauksen-yhteydessa\/#primaryimage\"},\"thumbnailUrl\":\"https:\/\/betoni.com\/lehti\/wp-content\/uploads\/sites\/4\/2023\/12\/Ratamestarinkatu-9_kuva_Mikael-Linden_1920x1080px.jpg\",\"datePublished\":\"2023-12-13T09:08:04+00:00\",\"dateModified\":\"2023-12-13T09:08:06+00:00\",\"author\":{\"@id\":\"https:\/\/betoni.com\/lehti\/#\/schema\/person\/48daa047cb90360f16de566098506c35\"},\"breadcrumb\":{\"@id\":\"https:\/\/betoni.com\/lehti\/2023\/12\/13\/ratamestarinkatu-9ssa-julkisivut-uusittiin-laajan-peruskorjauksen-yhteydessa\/#breadcrumb\"},\"inLanguage\":\"fi\",\"potentialAction\":[{\"@type\":\"ReadAction\",\"target\":[\"https:\/\/betoni.com\/lehti\/2023\/12\/13\/ratamestarinkatu-9ssa-julkisivut-uusittiin-laajan-peruskorjauksen-yhteydessa\/\"]}]},{\"@type\":\"ImageObject\",\"inLanguage\":\"fi\",\"@id\":\"https:\/\/betoni.com\/lehti\/2023\/12\/13\/ratamestarinkatu-9ssa-julkisivut-uusittiin-laajan-peruskorjauksen-yhteydessa\/#primaryimage\",\"url\":\"https:\/\/betoni.com\/lehti\/wp-content\/uploads\/sites\/4\/2023\/12\/Ratamestarinkatu-9_kuva_Mikael-Linden_1920x1080px.jpg\",\"contentUrl\":\"https:\/\/betoni.com\/lehti\/wp-content\/uploads\/sites\/4\/2023\/12\/Ratamestarinkatu-9_kuva_Mikael-Linden_1920x1080px.jpg\",\"width\":1920,\"height\":1080},{\"@type\":\"BreadcrumbList\",\"@id\":\"https:\/\/betoni.com\/lehti\/2023\/12\/13\/ratamestarinkatu-9ssa-julkisivut-uusittiin-laajan-peruskorjauksen-yhteydessa\/#breadcrumb\",\"itemListElement\":[{\"@type\":\"ListItem\",\"position\":1,\"name\":\"Home\",\"item\":\"https:\/\/betoni.com\/lehti\/\"},{\"@type\":\"ListItem\",\"position\":2,\"name\":\"Ratamestarinkatu 9:ss\u00e4 julkisivut uusittiin laajan peruskorjauksen yhteydess\u00e4\"}]},{\"@type\":\"WebSite\",\"@id\":\"https:\/\/betoni.com\/lehti\/#website\",\"url\":\"https:\/\/betoni.com\/lehti\/\",\"name\":\"Betoni-lehti\",\"description\":\"Betoni ry:n verkkolehti\",\"potentialAction\":[{\"@type\":\"SearchAction\",\"target\":{\"@type\":\"EntryPoint\",\"urlTemplate\":\"https:\/\/betoni.com\/lehti\/?s={search_term_string}\"},\"query-input\":{\"@type\":\"PropertyValueSpecification\",\"valueRequired\":true,\"valueName\":\"search_term_string\"}}],\"inLanguage\":\"fi\"},{\"@type\":\"Person\",\"@id\":\"https:\/\/betoni.com\/lehti\/#\/schema\/person\/48daa047cb90360f16de566098506c35\",\"name\":\"Nina Loisalo\",\"url\":\"https:\/\/betoni.com\/lehti\/author\/nina-loisalorakennusteollisuus-fi\/\"}]}<\/script>\n<!-- \/ Yoast SEO plugin. -->","yoast_head_json":{"title":"Ratamestarinkatu 9:ss\u00e4 julkisivut uusittiin laajan peruskorjauksen yhteydess\u00e4 - Betoni-lehti","robots":{"index":"index","follow":"follow","max-snippet":"max-snippet:-1","max-image-preview":"max-image-preview:large","max-video-preview":"max-video-preview:-1"},"canonical":"https:\/\/betoni.com\/lehti\/2023\/12\/13\/ratamestarinkatu-9ssa-julkisivut-uusittiin-laajan-peruskorjauksen-yhteydessa\/","og_locale":"fi_FI","og_type":"article","og_title":"Ratamestarinkatu 9:ss\u00e4 julkisivut uusittiin laajan peruskorjauksen yhteydess\u00e4 - Betoni-lehti","og_description":"Helsingin Ratamestarinkatu 9:ss\u00e4 tehtiin mittava julkisivuremontti, joka keskittyi erityisesti julkisivuun ja energiatehokkuuden parantamiseen.","og_url":"https:\/\/betoni.com\/lehti\/2023\/12\/13\/ratamestarinkatu-9ssa-julkisivut-uusittiin-laajan-peruskorjauksen-yhteydessa\/","og_site_name":"Betoni-lehti","article_published_time":"2023-12-13T09:08:04+00:00","article_modified_time":"2023-12-13T09:08:06+00:00","og_image":[{"width":768,"height":432,"url":"https:\/\/betoni.com\/lehti\/wp-content\/uploads\/sites\/4\/2023\/12\/Ratamestarinkatu-9_kuva_Mikael-Linden_1920x1080px-768x432.jpg","type":"image\/jpeg"}],"author":"Nina Loisalo","twitter_card":"summary_large_image","twitter_misc":{"Written by":"Nina Loisalo","Est. reading time":"3 minuuttia"},"schema":{"@context":"https:\/\/schema.org","@graph":[{"@type":"Article","@id":"https:\/\/betoni.com\/lehti\/2023\/12\/13\/ratamestarinkatu-9ssa-julkisivut-uusittiin-laajan-peruskorjauksen-yhteydessa\/#article","isPartOf":{"@id":"https:\/\/betoni.com\/lehti\/2023\/12\/13\/ratamestarinkatu-9ssa-julkisivut-uusittiin-laajan-peruskorjauksen-yhteydessa\/"},"author":{"name":"Nina Loisalo","@id":"https:\/\/betoni.com\/lehti\/#\/schema\/person\/48daa047cb90360f16de566098506c35"},"headline":"Ratamestarinkatu 9:ss\u00e4 julkisivut uusittiin laajan peruskorjauksen yhteydess\u00e4","datePublished":"2023-12-13T09:08:04+00:00","dateModified":"2023-12-13T09:08:06+00:00","mainEntityOfPage":{"@id":"https:\/\/betoni.com\/lehti\/2023\/12\/13\/ratamestarinkatu-9ssa-julkisivut-uusittiin-laajan-peruskorjauksen-yhteydessa\/"},"wordCount":571,"image":{"@id":"https:\/\/betoni.com\/lehti\/2023\/12\/13\/ratamestarinkatu-9ssa-julkisivut-uusittiin-laajan-peruskorjauksen-yhteydessa\/#primaryimage"},"thumbnailUrl":"https:\/\/betoni.com\/lehti\/wp-content\/uploads\/sites\/4\/2023\/12\/Ratamestarinkatu-9_kuva_Mikael-Linden_1920x1080px.jpg","keywords":["julkisivut","korjausrakentaminen"],"articleSection":["Betonijulkisivut","Rakennukset"],"inLanguage":"fi"},{"@type":"WebPage","@id":"https:\/\/betoni.com\/lehti\/2023\/12\/13\/ratamestarinkatu-9ssa-julkisivut-uusittiin-laajan-peruskorjauksen-yhteydessa\/","url":"https:\/\/betoni.com\/lehti\/2023\/12\/13\/ratamestarinkatu-9ssa-julkisivut-uusittiin-laajan-peruskorjauksen-yhteydessa\/","name":"Ratamestarinkatu 9:ss\u00e4 julkisivut uusittiin laajan peruskorjauksen yhteydess\u00e4 - Betoni-lehti","isPartOf":{"@id":"https:\/\/betoni.com\/lehti\/#website"},"primaryImageOfPage":{"@id":"https:\/\/betoni.com\/lehti\/2023\/12\/13\/ratamestarinkatu-9ssa-julkisivut-uusittiin-laajan-peruskorjauksen-yhteydessa\/#primaryimage"},"image":{"@id":"https:\/\/betoni.com\/lehti\/2023\/12\/13\/ratamestarinkatu-9ssa-julkisivut-uusittiin-laajan-peruskorjauksen-yhteydessa\/#primaryimage"},"thumbnailUrl":"https:\/\/betoni.com\/lehti\/wp-content\/uploads\/sites\/4\/2023\/12\/Ratamestarinkatu-9_kuva_Mikael-Linden_1920x1080px.jpg","datePublished":"2023-12-13T09:08:04+00:00","dateModified":"2023-12-13T09:08:06+00:00","author":{"@id":"https:\/\/betoni.com\/lehti\/#\/schema\/person\/48daa047cb90360f16de566098506c35"},"breadcrumb":{"@id":"https:\/\/betoni.com\/lehti\/2023\/12\/13\/ratamestarinkatu-9ssa-julkisivut-uusittiin-laajan-peruskorjauksen-yhteydessa\/#breadcrumb"},"inLanguage":"fi","potentialAction":[{"@type":"ReadAction","target":["https:\/\/betoni.com\/lehti\/2023\/12\/13\/ratamestarinkatu-9ssa-julkisivut-uusittiin-laajan-peruskorjauksen-yhteydessa\/"]}]},{"@type":"ImageObject","inLanguage":"fi","@id":"https:\/\/betoni.com\/lehti\/2023\/12\/13\/ratamestarinkatu-9ssa-julkisivut-uusittiin-laajan-peruskorjauksen-yhteydessa\/#primaryimage","url":"https:\/\/betoni.com\/lehti\/wp-content\/uploads\/sites\/4\/2023\/12\/Ratamestarinkatu-9_kuva_Mikael-Linden_1920x1080px.jpg","contentUrl":"https:\/\/betoni.com\/lehti\/wp-content\/uploads\/sites\/4\/2023\/12\/Ratamestarinkatu-9_kuva_Mikael-Linden_1920x1080px.jpg","width":1920,"height":1080},{"@type":"BreadcrumbList","@id":"https:\/\/betoni.com\/lehti\/2023\/12\/13\/ratamestarinkatu-9ssa-julkisivut-uusittiin-laajan-peruskorjauksen-yhteydessa\/#breadcrumb","itemListElement":[{"@type":"ListItem","position":1,"name":"Home","item":"https:\/\/betoni.com\/lehti\/"},{"@type":"ListItem","position":2,"name":"Ratamestarinkatu 9:ss\u00e4 julkisivut uusittiin laajan peruskorjauksen yhteydess\u00e4"}]},{"@type":"WebSite","@id":"https:\/\/betoni.com\/lehti\/#website","url":"https:\/\/betoni.com\/lehti\/","name":"Betoni-lehti","description":"Betoni ry:n verkkolehti","potentialAction":[{"@type":"SearchAction","target":{"@type":"EntryPoint","urlTemplate":"https:\/\/betoni.com\/lehti\/?s={search_term_string}"},"query-input":{"@type":"PropertyValueSpecification","valueRequired":true,"valueName":"search_term_string"}}],"inLanguage":"fi"},{"@type":"Person","@id":"https:\/\/betoni.com\/lehti\/#\/schema\/person\/48daa047cb90360f16de566098506c35","name":"Nina Loisalo","url":"https:\/\/betoni.com\/lehti\/author\/nina-loisalorakennusteollisuus-fi\/"}]}},"_links":{"self":[{"href":"https:\/\/betoni.com\/lehti\/wp-json\/wp\/v2\/posts\/26800","targetHints":{"allow":["GET"]}}],"collection":[{"href":"https:\/\/betoni.com\/lehti\/wp-json\/wp\/v2\/posts"}],"about":[{"href":"https:\/\/betoni.com\/lehti\/wp-json\/wp\/v2\/types\/post"}],"author":[{"embeddable":true,"href":"https:\/\/betoni.com\/lehti\/wp-json\/wp\/v2\/users\/3"}],"replies":[{"embeddable":true,"href":"https:\/\/betoni.com\/lehti\/wp-json\/wp\/v2\/comments?post=26800"}],"version-history":[{"count":0,"href":"https:\/\/betoni.com\/lehti\/wp-json\/wp\/v2\/posts\/26800\/revisions"}],"wp:featuredmedia":[{"embeddable":true,"href":"https:\/\/betoni.com\/lehti\/wp-json\/wp\/v2\/media\/26805"}],"wp:attachment":[{"href":"https:\/\/betoni.com\/lehti\/wp-json\/wp\/v2\/media?parent=26800"}],"wp:term":[{"taxonomy":"category","embeddable":true,"href":"https:\/\/betoni.com\/lehti\/wp-json\/wp\/v2\/categories?post=26800"},{"taxonomy":"post_tag","embeddable":true,"href":"https:\/\/betoni.com\/lehti\/wp-json\/wp\/v2\/tags?post=26800"}],"curies":[{"name":"wp","href":"https:\/\/api.w.org\/{rel}","templated":true}]}}